{"id":487674,"date":"2025-10-24T21:43:10","date_gmt":"2025-10-24T21:43:10","guid":{"rendered":"https:\/\/www.europesays.com\/fr\/487674\/"},"modified":"2025-10-24T21:43:10","modified_gmt":"2025-10-24T21:43:10","slug":"tu-vas-rentrer-dans-ton-pays-prison-et-interdiction-definitive-dexercer-requises-contre-cinq-policiers-nicois-pour-discrimination","status":"publish","type":"post","link":"https:\/\/www.europesays.com\/fr\/487674\/","title":{"rendered":"\u00ab\u00a0Tu vas rentrer dans ton pays\u00a0\u00bb\u00a0: prison et interdiction d\u00e9finitive d\u2019exercer requises contre cinq policiers ni\u00e7ois pour discrimination"},"content":{"rendered":"<p class=\"paragraph text_align_left lp-f-body-02\">Des peines de 12 \u00e0 18 mois d\u2019emprisonnement, assorties d\u2019une interdiction d\u2019exercer leurs fonctions, ont \u00e9t\u00e9 requises vendredi devant le tribunal de Nice \u00e0 l\u2019encontre de cinq policiers poursuivis pour violences et <a href=\"https:\/\/www.leparisien.fr\/paris-75\/a-paris-laffaire-de-racisme-et-de-harcelement-dans-la-jeune-police-municipale-empoisonne-la-ville-09-08-2022-ZSAK2F2J7JA3XMWWDQM2FNAMH4.php\" target=\"_blank\" rel=\"noreferrer nofollow noopener\">discrimination \u00e0 l\u2019\u00e9gard de deux trafiquants de drogue tunisiens<\/a>.<\/p>\n<p class=\"paragraph text_align_left lp-f-body-02\">Apr\u00e8s les avoir interpell\u00e9s le 22 juillet 2025 dans le quartier prioritaire des Moulins, ces cinq fonctionnaires avaient multipli\u00e9 lors du trajet en fourgonnette jusqu\u2019au commissariat \u00ab les insultes, moqueries, violences, petites et grandes humiliations \u00e0 l\u2019\u00e9gard d\u2019un individu en raison de sa religion ou de son origine \u00bb, a soulign\u00e9 le procureur Damien Martinelli. Des faits r\u00e9v\u00e9l\u00e9s par un enregistrement r\u00e9alis\u00e9 discr\u00e8tement par l\u2019un des interpell\u00e9s avec son t\u00e9l\u00e9phone.<\/p>\n<p class=\"paragraph text_align_left lp-f-body-02\">Au c\u0153ur des poursuites figure notamment un coran trouv\u00e9 dans le sac de l\u2019un des trafiquants et utilis\u00e9 par les policiers pour l\u2019humilier, allant jusqu\u2019\u00e0 en arracher les pages, selon l\u2019accusation, pour en faire des boulettes et les lui fourrer dans sa bouche.<\/p>\n<p class=\"paragraph text_align_left lp-f-body-02\">Sur l\u2019enregistrement diffus\u00e9 \u00e0 l\u2019audience, on entend notamment des cris, des pleurs, des bruits de coups et <a href=\"https:\/\/www.leparisien.fr\/faits-divers\/messages-racistes-de-policiers-sur-whatsapp-des-agents-vises-reclament-leur-reintegration-a-rouen-12-10-2021-PENP6ZSKLNHS7EJUFS3BK24U2A.php\" target=\"_blank\" rel=\"noreferrer nofollow noopener\">un policier ass\u00e9ner plusieurs insultes racistes<\/a> \u00e0 cet interpell\u00e9. \u00ab T\u2019es un arabe. T\u2019es l\u00e0 pour violer des Fran\u00e7aises et nous voler ! Ici personne ne veut de toi ! Donc tu vas rentrer dans ton pays, suceur de chameaux ! \u00bb, peut-on notamment dans cet enregistrement, selon les r\u00e9v\u00e9lations du <a href=\"https:\/\/www.lecanardenchaine.fr\/police-justice\/52075-une-mauvaise-brise-a-nice\" target=\"_blank\" rel=\"noreferrer nofollow noopener\">Canard Encha\u00een\u00e9<\/a>.<\/p>\n<p class=\"lp-card-podcast-highlighting__title  lp-f-subtitle-05\">[2\/2] Drogues dures et corps plong\u00e9 dans l\u2019acide\u00a0: la d\u00e9rive sordide de deux \u00e9tudiants brillants<\/p>\n<p class=\"lp-card-podcast-highlighting__description lp-f-ui-05\">Crime story raconte chaque semaine les grandes affaires criminelles.<\/p>\n<p><a class=\"lp-card-podcast-highlighting__call-to-action\" data-page-type=\"HP\" data-block-name=\"podcast-highlight\">\u00c9couter<\/a>\u00ab Une mauvaise blague \u00bb<\/p>\n<p class=\"paragraph text_align_left lp-f-body-02\">Pour leur d\u00e9fense, les policiers, qui ont ni\u00e9 les violences en reconnaissant partiellement les injures, ont expliqu\u00e9 que ce Coran n\u2019existait pas et qu\u2019il s\u2019agissait d\u2019un document trouv\u00e9 le matin m\u00eame dans une poubelle avec lequel, \u00ab partis dans un d\u00e9lire \u00bb, ils avaient voulu faire \u00ab une mauvaise blague \u00bb \u00e0 l\u2019individu pour \u00ab l\u2019emb\u00eater \u00bb.<\/p>\n<p class=\"paragraph text_align_left lp-f-body-02\">Celui-ci, pr\u00e9sent \u00e0 l\u2019audience, purge actuellement une peine de 18 mois de prison pour vol en r\u00e9union avec 10 ans d\u2019interdiction du territoire. L\u2019autre interpell\u00e9 pr\u00e9sent lors des faits ne s\u2019est pas constitu\u00e9 partie civile et \u00e9tait absent \u00e0 l\u2019audience.<\/p>\n<p class=\"paragraph text_align_left lp-f-body-02\">\u00ab Ce sont de bons fonctionnaires sans ant\u00e9c\u00e9dent judiciaire ou disciplinaire mais est-ce que vous avez encore confiance en eux, est-ce que vous voulez les revoir sur la voie publique ? \u00bb, a lanc\u00e9 le procureur \u00e0 l\u2019encontre de ces cinq policiers \u00e2g\u00e9s de 30 \u00e0 48 ans, l\u2019un avec trente ans de m\u00e9tier, pour justifier son souhait de les voir \u00e9cart\u00e9s de la police nationale.<\/p>\n<p class=\"paragraph text_align_left lp-f-body-02\">\u00ab Ces r\u00e9quisitions sont hallucinantes, vous avez requis la peine de mort, la peine de mort civile peut-\u00eatre mais la peine de mort quand m\u00eame \u00bb, a r\u00e9pliqu\u00e9 \u00c9ric Borghini, l\u2019avocat de l\u2019un des pr\u00e9venus, regrettant \u00ab qu\u2019un trafiquant de drogue sous OQTF \u00bb soit \u00ab mieux trait\u00e9 que des fonctionnaires de la police nationale \u00bb. Le tribunal a mis son jugement en d\u00e9lib\u00e9r\u00e9 au 10 novembre.<\/p>\n","protected":false},"excerpt":{"rendered":"Des peines de 12 \u00e0 18 mois d\u2019emprisonnement, assorties d\u2019une interdiction d\u2019exercer leurs fonctions, ont \u00e9t\u00e9 requises vendredi&hellip;\n","protected":false},"author":2,"featured_media":487675,"comment_status":"","ping_status":"","sticky":false,"template":"","format":"standard","meta":{"footnotes":""},"categories":[1888],"tags":[1111,1928,11,1927,1777,674,118,1011,27,12,1926,626,1925,25],"class_list":{"0":"post-487674","1":"post","2":"type-post","3":"status-publish","4":"format-standard","5":"has-post-thumbnail","7":"category-paris","8":"tag-actu","9":"tag-actu-paris","10":"tag-actualites","11":"tag-actualites-paris","12":"tag-eu","13":"tag-europe","14":"tag-faits-divers","15":"tag-fr","16":"tag-france","17":"tag-news","18":"tag-news-paris","19":"tag-paris","20":"tag-paris-news","21":"tag-republique-francaise"},"share_on_mastodon":{"url":"https:\/\/pubeurope.com\/@fr\/115431329180776886","error":""},"_links":{"self":[{"href":"https:\/\/www.europesays.com\/fr\/wp-json\/wp\/v2\/posts\/487674","targetHints":{"allow":["GET"]}}],"collection":[{"href":"https:\/\/www.europesays.com\/fr\/wp-json\/wp\/v2\/posts"}],"about":[{"href":"https:\/\/www.europesays.com\/fr\/wp-json\/wp\/v2\/types\/post"}],"author":[{"embeddable":true,"href":"https:\/\/www.europesays.com\/fr\/wp-json\/wp\/v2\/users\/2"}],"replies":[{"embeddable":true,"href":"https:\/\/www.europesays.com\/fr\/wp-json\/wp\/v2\/comments?post=487674"}],"version-history":[{"count":0,"href":"https:\/\/www.europesays.com\/fr\/wp-json\/wp\/v2\/posts\/487674\/revisions"}],"wp:featuredmedia":[{"embeddable":true,"href":"https:\/\/www.europesays.com\/fr\/wp-json\/wp\/v2\/media\/487675"}],"wp:attachment":[{"href":"https:\/\/www.europesays.com\/fr\/wp-json\/wp\/v2\/media?parent=487674"}],"wp:term":[{"taxonomy":"category","embeddable":true,"href":"https:\/\/www.europesays.com\/fr\/wp-json\/wp\/v2\/categories?post=487674"},{"taxonomy":"post_tag","embeddable":true,"href":"https:\/\/www.europesays.com\/fr\/wp-json\/wp\/v2\/tags?post=487674"}],"curies":[{"name":"wp","href":"https:\/\/api.w.org\/{rel}","templated":true}]}}