{"id":487676,"date":"2025-10-24T21:44:16","date_gmt":"2025-10-24T21:44:16","guid":{"rendered":"https:\/\/www.europesays.com\/fr\/487676\/"},"modified":"2025-10-24T21:44:16","modified_gmt":"2025-10-24T21:44:16","slug":"lart-entre-afrique-et-japon-pour-les-10-ans-dakaa-a-paris","status":"publish","type":"post","link":"https:\/\/www.europesays.com\/fr\/487676\/","title":{"rendered":"l\u2019art entre Afrique et Japon pour les 10 ans d\u2019AKAA \u00e0 Paris"},"content":{"rendered":"<p class=\"mb-4 text-lg md:leading-8 break-words\">\u00c0 l\u2019occasion des 10 ans d\u2019AKAA, la foire d\u00e9di\u00e9e \u00e0 l\u2019art contemporain africain, le Journal de l\u2019Afrique re\u00e7oit Serge Mouangue. Designer camerounais install\u00e9 \u00e0 Paris, il d\u00e9veloppe depuis plusieurs ann\u00e9es le projet \u00ab Wafrica \u00bb, qui marie tissus africains et kimonos japonais. Il nous parle de son parcours, de sa \u00ab troisi\u00e8me esth\u00e9tique \u00bb et de l\u2019\u00e9volution du march\u00e9 de l\u2019art africain.<\/p>\n","protected":false},"excerpt":{"rendered":"\u00c0 l\u2019occasion des 10 ans d\u2019AKAA, la foire d\u00e9di\u00e9e \u00e0 l\u2019art contemporain africain, le Journal de l\u2019Afrique re\u00e7oit&hellip;\n","protected":false},"author":2,"featured_media":487677,"comment_status":"","ping_status":"","sticky":false,"template":"","format":"standard","meta":{"footnotes":""},"categories":[1888],"tags":[1111,1928,11,1927,1777,674,1011,27,61085,12,1926,626,1925,25,61086],"class_list":{"0":"post-487676","1":"post","2":"type-post","3":"status-publish","4":"format-standard","5":"has-post-thumbnail","7":"category-paris","8":"tag-actu","9":"tag-actu-paris","10":"tag-actualites","11":"tag-actualites-paris","12":"tag-eu","13":"tag-europe","14":"tag-fr","15":"tag-france","16":"tag-lart-contemporain-africain","17":"tag-news","18":"tag-news-paris","19":"tag-paris","20":"tag-paris-news","21":"tag-republique-francaise","22":"tag-serge-mouangue"},"share_on_mastodon":{"url":"https:\/\/pubeurope.com\/@fr\/115431333339433334","error":""},"_links":{"self":[{"href":"https:\/\/www.europesays.com\/fr\/wp-json\/wp\/v2\/posts\/487676","targetHints":{"allow":["GET"]}}],"collection":[{"href":"https:\/\/www.europesays.com\/fr\/wp-json\/wp\/v2\/posts"}],"about":[{"href":"https:\/\/www.europesays.com\/fr\/wp-json\/wp\/v2\/types\/post"}],"author":[{"embeddable":true,"href":"https:\/\/www.europesays.com\/fr\/wp-json\/wp\/v2\/users\/2"}],"replies":[{"embeddable":true,"href":"https:\/\/www.europesays.com\/fr\/wp-json\/wp\/v2\/comments?post=487676"}],"version-history":[{"count":0,"href":"https:\/\/www.europesays.com\/fr\/wp-json\/wp\/v2\/posts\/487676\/revisions"}],"wp:featuredmedia":[{"embeddable":true,"href":"https:\/\/www.europesays.com\/fr\/wp-json\/wp\/v2\/media\/487677"}],"wp:attachment":[{"href":"https:\/\/www.europesays.com\/fr\/wp-json\/wp\/v2\/media?parent=487676"}],"wp:term":[{"taxonomy":"category","embeddable":true,"href":"https:\/\/www.europesays.com\/fr\/wp-json\/wp\/v2\/categories?post=487676"},{"taxonomy":"post_tag","embeddable":true,"href":"https:\/\/www.europesays.com\/fr\/wp-json\/wp\/v2\/tags?post=487676"}],"curies":[{"name":"wp","href":"https:\/\/api.w.org\/{rel}","templated":true}]}}