{"id":487678,"date":"2025-10-24T21:45:11","date_gmt":"2025-10-24T21:45:11","guid":{"rendered":"https:\/\/www.europesays.com\/fr\/487678\/"},"modified":"2025-10-24T21:45:11","modified_gmt":"2025-10-24T21:45:11","slug":"conference-du-poing-leve-avec-clement-senechal-a-sciences-po-paris","status":"publish","type":"post","link":"https:\/\/www.europesays.com\/fr\/487678\/","title":{"rendered":"conf\u00e9rence du Poing Lev\u00e9 avec Cl\u00e9ment S\u00e9n\u00e9chal \u00e0 Sciences Po Paris"},"content":{"rendered":"<p>Lundi soir, le Poing Lev\u00e9 a fait salle comble \u00e0 Sciences Po lors d\u2019une discussion avec Cl\u00e9ment S\u00e9n\u00e9chal, ancien charg\u00e9 de plaidoyer de Greenpeace et auteur de Pourquoi l\u2019\u00e9cologie perd toujours. Il y a d\u00e9roul\u00e9 une critique ac\u00e9r\u00e9e de cette \u00e9cologie institutionnelle \u00e0 laquelle il a longtemps particip\u00e9 et devenue selon lui un rouage central de la machine capitaliste. Revenant sur les origines de cette \u00ab\u00a0\u00e9cologie du spectacle\u00a0\u00bb, n\u00e9e dans les ann\u00e9es 1970 avec Greenpeace autour de l\u2019illusion \u00ab\u00a0qu\u2019il suffisait de montrer les choses pour les changer\u00a0\u00bb, il a montr\u00e9 comment une cause qui se voulait subversive s\u2019est rapidement transform\u00e9e en simple morale de la bonne conscience bourgeoise.<\/p>\n<p>Cette \u00e9cologie \u00ab\u00a0propre sur elle\u00a0\u00bb, port\u00e9e par les deux jambes de l\u2019environnementalisme, ONGs et EELV, s\u2019est peu \u00e0 peu fondue dans les institutions du r\u00e9gime jusqu\u2019\u00e0 en devenir un agent de stabilisation essentiel. Troquant la logique de confrontation pour celle de la n\u00e9gociation et de la conciliation avec les gouvernements successifs, le complexe environnementaliste contemporain lui en a m\u00eame fourni d\u2019\u00e9minents cadres \u2013 qu\u2019on se souvienne du ralliement macroniste du <a href=\"https:\/\/www.ouest-france.fr\/politique\/nicolas-hulot\/nicolas-hulot-ministre-la-belle-prise-d-emmanuel-macron-4997780\" class=\"spip_out\" rel=\"noopener noreferrer external nofollow\" target=\"_blank\">\u00ab\u00a0premier \u00e9colo de France\u00a0\u00bb Nicolas Hulot<\/a>, mais aussi de <a href=\"https:\/\/www.mediapart.fr\/journal\/france\/100719\/la-vie-de-chateau-sur-fonds-publics-des-epoux-de-rugy\" class=\"spip_out\" rel=\"noopener noreferrer external nofollow\" target=\"_blank\">Fran\u00e7ois de Rugy et ses homards<\/a>, ou encore de <a href=\"https:\/\/www.revolutionpermanente.fr\/En-15-minutes-t-as-fait-Le-Parisien-et-France-24-pour-Pompili-la-COP26-c-est-d-abord-de-la-com\" rel=\"nofollow noopener\" target=\"_blank\">Barbara Pompili<\/a>.<\/p>\n<p>S\u00e9n\u00e9chal est aussi revenu sur la notion de \u00ab\u00a0bureaucratie environnementale\u00a0\u00bb, miroir de ce que le mouvement ouvrier conna\u00eet depuis longtemps avec les bureaucraties syndicales, c\u2019est-\u00e0-dire des appareils charg\u00e9s de canaliser la col\u00e8re plut\u00f4t que d\u2019organiser effectivement et offensivement la lutte. De Greenpeace \u00e0 EELV, le constat de la d\u00e9faite r\u00e9p\u00e9t\u00e9e du combat \u00e9colo est sans appel\u00a0: ces entit\u00e9s se sont faites les b\u00e9quilles de l\u2019ordre qu\u2019elles pr\u00e9tendent combattre.<\/p>\n<p>Une \u00e9cologie au service du capital<\/p>\n<p>De l\u2019appui des Verts pour la taxe carbone \u00e0 leur soutien aux m\u00e9canismes de \u00ab\u00a0compensation carbone\u00a0\u00bb, S\u00e9n\u00e9chal a bross\u00e9 le tableau d\u2019une \u00e9cologie fondamentalement anti-ouvri\u00e8re \u00e9pousant les logiques du capital. L\u2019environnementalisme contemporain consacre ainsi son ordre social\u00a0: aux riches le droit de polluer, aux travailleurs celui de payer le prix de la crise \u00e9cologique.<\/p>\n<p>La forfaiture ne s\u2019arr\u00eate pas l\u00e0. Alors qu\u2019hier encore EELV vantait la \u00ab\u00a0douceur\u00a0\u00bb et le \u00ab\u00a0pacifisme\u00a0\u00bb, l\u2019\u00e9cologie institutionnelle se convertit aujourd\u2019hui au <a href=\"https:\/\/www.revolutionpermanente.fr\/EELV-de-l-ecologie-de-la-douceur-au-militarisme-decomplexe\" rel=\"nofollow noopener\" target=\"_blank\">militarisme le plus d\u00e9brid\u00e9<\/a>. S\u00e9n\u00e9chal a \u00e9pingl\u00e9 la promotion de \u00ab\u00a0l\u2019\u00e9cologie de guerre\u00a0\u00bb popularis\u00e9e dans les amphith\u00e9\u00e2tres de Sciences Po par <a href=\"https:\/\/www.revolutionpermanente.fr\/EELV-et-l-ecologie-de-guerre-la-course-a-l-armement-va-t-elle-sauver-la-planete\" rel=\"nofollow noopener\" target=\"_blank\">Pierre Charbonnier<\/a> auteur de Vers l\u2019\u00e9cologie de guerre (2024). \u00c0 dix-mille lieues des enjeux actuels, cette conception \u00e9rige la remilitarisation de l\u2019Europe en levier de transition \u00e9cologique.<\/p>\n<p>Une critique de l\u2019\u00e9cologie institutionnelle au c\u0153ur de l\u2019Ecole du pouvoir<\/p>\n<p>Tenir cette conf\u00e9rence \u00e0 Sciences Po n\u2019avait rien d\u2019anodin. Parmi <a href=\"https:\/\/www.calameo.com\/sciencespo\/read\/0041604542fa3cf06e6d6\" class=\"spip_out\" rel=\"noopener noreferrer external nofollow\" target=\"_blank\">les d\u00e9bouch\u00e9s professionnels de cette \u00e9cole<\/a>, on retrouve les partis politiques, les minist\u00e8res, les ONGs, mais aussi les entreprises de conseil et d\u2019audit environnemental, soit l\u2019ensemble des maillons qui composent tout l\u2019\u00e9cosyst\u00e8me de l\u2019\u00e9cologie institutionnelle. Discuter de ses impasses et de ses illusions a permis d\u2019ouvrir un espace politique critique, avec une grille de lecture marxiste.<\/p>\n<p>Alors que Sciences Po se targue d\u2019\u00eatre la premi\u00e8re \u00e9cole europ\u00e9enne \u00e0 lancer un dipl\u00f4me  consacr\u00e9 \u00e0 la transition \u00e9cologique \u2013 un programme annonc\u00e9 en grande pompe pour septembre 2026, entre finance verte et management de la transition \u2013, cette conf\u00e9rence s\u2019attaquait \u00e0 un enjeu crucial\u00a0: saper les illusions sur lesquelles prosp\u00e8rent ces institutions.<\/p>\n<p>La semaine prochaine, Sciences Po pr\u00e9voit d\u2019ailleurs un avant-go\u00fbt de sa Climate School, avec une Paris Climate and Nature Week, toujours en anglais, sans doute plus vendeur pour les investisseurs. Le gratin de l\u2019\u00e9cologie bourgeoise s\u2019y pressera. On pourra y croiser Caroline Gibon, directrice de la strat\u00e9gie RSE chez Thal\u00e8s, qui discutera avec Delphine Batho du changement climatique comme un enjeu de d\u00e9fense, ou encore <a href=\"https:\/\/www.revolutionpermanente.fr\/Fete-de-la-narse-2-000-personnes-reunies-dans-le-Cantal-contre-le-projet-extractiviste-d-Imerys\" rel=\"nofollow noopener\" target=\"_blank\">Vincent Dufief du groupe Imerys<\/a> pour une table ronde sur les industries vertes, tout cela sous l\u2019\u0153il bienveillant d\u2019Agn\u00e8s Pannier-Runacher.<\/p>\n<p>C\u2019est donc \u00e0 Sciences Po que se fabrique la fa\u00e7ade verte du capitalisme, avec laquelle de nombreux \u00e9tudiants s\u2019inscrivent d\u00e9j\u00e0 en rupture, en t\u00e9moignent les <a href=\"https:\/\/www.humanite.fr\/en-debat\/totalenergies\/fin-du-partenariat-de-sciences-po-avec-totalenergies-746069\" class=\"spip_out\" rel=\"noopener noreferrer external nofollow\" target=\"_blank\">luttes contre les partenariats de Total<\/a>.<\/p>\n<p>Preuve de l\u2019\u00e9cho qu\u2019a rencontr\u00e9 l\u2019intervention de S\u00e9n\u00e9chal, la conf\u00e9rence s\u2019est conclue sur une discussion marqu\u00e9e par des \u00e9changes riches\u00a0: retour sur le mouvement du 10 septembre, similitudes entre directions syndicales et bureaucraties \u00e9cologistes, ou encore d\u00e9bats strat\u00e9giques avec La France Insoumise.<\/p>\n<p>\u00c0 l\u2019heure o\u00f9 certaines grandes \u00e9coles, comme <a href=\"https:\/\/www.radiofrance.fr\/franceculture\/podcasts\/et-maintenant\/et-maintenant-du-vendredi-13-mai-2022-1403334\" class=\"spip_out\" rel=\"noopener noreferrer external nofollow\" target=\"_blank\">AgroParisTech<\/a>, voient d\u00e9j\u00e0 une partie de leurs \u00e9tudiants \u00ab\u00a0\u202fd\u00e9serter\u202f\u00a0\u00bb et refuser de devenir les administrateurs de la catastrophe, cette conf\u00e9rence trace la voie d\u2019une bifurcation possible. Elle montre que l\u2019\u00e9cologie n\u2019a pas pour seul horizon un spectacle permanent orchestr\u00e9 par les marchands de la cause, mais qu\u2019elle peut, et doit, s\u2019affronter radicalement au capitalisme, aux c\u00f4t\u00e9s des travailleurs et des luttes locales.<\/p>\n","protected":false},"excerpt":{"rendered":"Lundi soir, le Poing Lev\u00e9 a fait salle comble \u00e0 Sciences Po lors d\u2019une discussion avec Cl\u00e9ment S\u00e9n\u00e9chal,&hellip;\n","protected":false},"author":2,"featured_media":487679,"comment_status":"","ping_status":"","sticky":false,"template":"","format":"standard","meta":{"footnotes":""},"categories":[1888],"tags":[11,1777,674,1011,27,12,626,25],"class_list":{"0":"post-487678","1":"post","2":"type-post","3":"status-publish","4":"format-standard","5":"has-post-thumbnail","7":"category-paris","8":"tag-actualites","9":"tag-eu","10":"tag-europe","11":"tag-fr","12":"tag-france","13":"tag-news","14":"tag-paris","15":"tag-republique-francaise"},"share_on_mastodon":{"url":"https:\/\/pubeurope.com\/@fr\/115431337089765128","error":""},"_links":{"self":[{"href":"https:\/\/www.europesays.com\/fr\/wp-json\/wp\/v2\/posts\/487678","targetHints":{"allow":["GET"]}}],"collection":[{"href":"https:\/\/www.europesays.com\/fr\/wp-json\/wp\/v2\/posts"}],"about":[{"href":"https:\/\/www.europesays.com\/fr\/wp-json\/wp\/v2\/types\/post"}],"author":[{"embeddable":true,"href":"https:\/\/www.europesays.com\/fr\/wp-json\/wp\/v2\/users\/2"}],"replies":[{"embeddable":true,"href":"https:\/\/www.europesays.com\/fr\/wp-json\/wp\/v2\/comments?post=487678"}],"version-history":[{"count":0,"href":"https:\/\/www.europesays.com\/fr\/wp-json\/wp\/v2\/posts\/487678\/revisions"}],"wp:featuredmedia":[{"embeddable":true,"href":"https:\/\/www.europesays.com\/fr\/wp-json\/wp\/v2\/media\/487679"}],"wp:attachment":[{"href":"https:\/\/www.europesays.com\/fr\/wp-json\/wp\/v2\/media?parent=487678"}],"wp:term":[{"taxonomy":"category","embeddable":true,"href":"https:\/\/www.europesays.com\/fr\/wp-json\/wp\/v2\/categories?post=487678"},{"taxonomy":"post_tag","embeddable":true,"href":"https:\/\/www.europesays.com\/fr\/wp-json\/wp\/v2\/tags?post=487678"}],"curies":[{"name":"wp","href":"https:\/\/api.w.org\/{rel}","templated":true}]}}