{"id":487686,"date":"2025-10-24T21:49:15","date_gmt":"2025-10-24T21:49:15","guid":{"rendered":"https:\/\/www.europesays.com\/fr\/487686\/"},"modified":"2025-10-24T21:49:15","modified_gmt":"2025-10-24T21:49:15","slug":"scope-abaisse-la-perspective-de-la-note-souveraine-des-etats-unis-a-aa","status":"publish","type":"post","link":"https:\/\/www.europesays.com\/fr\/487686\/","title":{"rendered":"Scope abaisse la perspective de la note souveraine des \u00c9tats-Unis \u00e0 AA-"},"content":{"rendered":"<p>\n    L\u2019agence europ\u00e9enne pointe la dette record de Washington, mais aussi \u00abl\u2019affaiblissement des standards de gouvernance\u00bb dans le pays.<\/p>\n<p class=\"fig-paragraph\">N\u2019en d\u00e9plaise \u00e0\u00a0<a href=\"http:\/\/www.lefigaro.fr\/conjoncture\/202-milliards-de-dollars-recoltes-en-quelques-mois-les-droits-de-douane-de-trump-profitent-ils-vraiment-a-l-amerique-20251024\" data-fig-type=\"Article\" data-gtm-custom-categorie=\"navigation\" data-gtm-custom-action=\"crossclick\" data-gtm-custom-label=\"Contextuel\" data-gtm-event=\"customEventSPE\" data-fig-domain=\"LEFIGARO\" target=\"_blank\" rel=\"noopener\">Donald Trump<\/a>, qui promet un nouvel \u00ab\u00e2ge d\u2019or\u00bb \u00e9conomique \u00e0 son pays, les signaux r\u00e9cemment envoy\u00e9s aux march\u00e9s ne trompent pas. L\u2019agence europ\u00e9enne\u00a0<a href=\"http:\/\/www.lefigaro.fr\/flash-eco\/scope-ratings-confirme-la-note-de-la-dette-francaise-mais-abaisse-sa-perspective-20250926\" data-fig-type=\"NewsFlash\" data-gtm-custom-categorie=\"navigation\" data-gtm-custom-action=\"crossclick\" data-gtm-custom-label=\"Contextuel\" data-gtm-event=\"customEventSPE\" data-fig-domain=\"LEFIGARO\" target=\"_blank\" rel=\"noopener\">Scope Ratings<\/a>\u00a0a abaiss\u00e9 vendredi la note souveraine des \u00c9tats-Unis de AA \u00e0 AA-, tout en relevant la perspective de \u00abn\u00e9gative\u00bb \u00e0 \u00abstable\u00bb. Ce d\u00e9classement refl\u00e8te, selon elle, \u00abla d\u00e9t\u00e9rioration soutenue des finances publiques et l\u2019affaiblissement des standards de gouvernance\u00bb.<\/p>\n<p class=\"fig-paragraph\">Scope estime que la dette publique am\u00e9ricaine atteindra 140 % du PIB d\u2019ici 2030, contre 122 % en 2024, soit un niveau \u00abbien sup\u00e9rieur \u00e0 la plupart des pairs souverains\u00bb. Le d\u00e9ficit budg\u00e9taire devrait, lui, rester proche de 7,5 % du PIB sur la p\u00e9riode 2025-2030, sous l\u2019effet de la hausse des paiements d\u2019int\u00e9r\u00eats et du prolongement des baisses d\u2019imp\u00f4ts. Les \u00c9tats-Unis font face \u00e0 des \u00abd\u00e9ficits f\u00e9d\u00e9raux durablement \u00e9lev\u00e9s et \u00e0 une charge d\u2019int\u00e9r\u00eats croissante qui limitent leur flexibilit\u00e9 budg\u00e9taire\u00bb, souligne l\u2019agence. La situation serait aggrav\u00e9e par \u00abde larges passifs conditionnels non financ\u00e9s, notamment ceux li\u00e9s \u00e0 Medicare et Medicaid\u00bb.<\/p>\n<p>                                    <a class=\"fig-a11y-skip a11y-hidden\" href=\"#fig-a11y-skip-main-inarticle\"><br \/>\n        Passer la publicit\u00e9<br \/>\n    <\/a><\/p>\n<p>R\u00f4le du dollar<\/p>\n<p class=\"fig-paragraph\">Sur le plan institutionnel, Scope pointe \u00abl\u2019\u00e9rosion des freins et contre-poids traditionnels\u00bb, d\u00e9non\u00e7ant la \u00abconsolidation croissante du pouvoir au sein de l\u2019ex\u00e9cutif\u00bb, traditionnellement contrebalanc\u00e9 par les pouvoirs l\u00e9gislatif et judiciaire, \u00abainsi que l\u2019efficacit\u00e9 r\u00e9duite du Congr\u00e8s dans un contexte de polarisation politique persistante et de p\u00e9riodes prolong\u00e9es d\u2019impasse l\u00e9gislative\u00bb. Ces \u00e9volutions, poursuit l\u2019agence, \u00abr\u00e9duisent la pr\u00e9visibilit\u00e9 de l\u2019action publique aux \u00c9tats-Unis, entra\u00eenant une plus grande volatilit\u00e9 des politiques et un environnement de forte incertitude\u00bb. Dernier exemple en date\u00a0: la guerre tarifaire tous azimuts qu\u2019a lanc\u00e9e le pr\u00e9sident am\u00e9ricain depuis son retour \u00e0 la Maison-Blanche en janvier 2025.<\/p>\n<p class=\"fig-paragraph\">L\u2019agence maintient toutefois une perspective \u00abstable\u00bb, estimant que la puissance \u00e9conomique am\u00e9ricaine, la solidit\u00e9 de ses institutions et le r\u00f4le du dollar \u00abcomme principale monnaie de r\u00e9serve mondiale\u00bb continuent de soutenir la note. Les \u00c9tats-Unis b\u00e9n\u00e9ficient en outre d\u2019une \u00ab\u00e9conomie riche, comp\u00e9titive et tr\u00e8s diversifi\u00e9e\u00bb, ce qui contribue \u00e0 \u00abatt\u00e9nuer les inqui\u00e9tudes concernant la soutenabilit\u00e9 de la dette \u00e0 long terme\u00bb. Toutefois, conclut Scope, les vuln\u00e9rabilit\u00e9s du syst\u00e8me financier pourraient \u00abs\u2019accentuer \u00e0 moyen et long terme\u00bb en raison de la d\u00e9r\u00e9glementation financi\u00e8re, \u00absurtout dans un contexte de co\u00fbts d\u2019emprunt durablement \u00e9lev\u00e9s\u00bb.<\/p>\n","protected":false},"excerpt":{"rendered":"L\u2019agence europ\u00e9enne pointe la dette record de Washington, mais aussi \u00abl\u2019affaiblissement des standards de gouvernance\u00bb dans le pays.&hellip;\n","protected":false},"author":2,"featured_media":487687,"comment_status":"","ping_status":"","sticky":false,"template":"","format":"standard","meta":{"footnotes":""},"categories":[1589],"tags":[11,6327,73,1866,12,1864,1865,1863,308],"class_list":{"0":"post-487686","1":"post","2":"type-post","3":"status-publish","4":"format-standard","5":"has-post-thumbnail","7":"category-etats-unis","8":"tag-actualites","9":"tag-dette","10":"tag-etats-unis","11":"tag-etats-unis-damerique","12":"tag-news","13":"tag-united-states","14":"tag-united-states-of-america","15":"tag-us","16":"tag-usa"},"share_on_mastodon":{"url":"https:\/\/pubeurope.com\/@fr\/115431352871868348","error":""},"_links":{"self":[{"href":"https:\/\/www.europesays.com\/fr\/wp-json\/wp\/v2\/posts\/487686","targetHints":{"allow":["GET"]}}],"collection":[{"href":"https:\/\/www.europesays.com\/fr\/wp-json\/wp\/v2\/posts"}],"about":[{"href":"https:\/\/www.europesays.com\/fr\/wp-json\/wp\/v2\/types\/post"}],"author":[{"embeddable":true,"href":"https:\/\/www.europesays.com\/fr\/wp-json\/wp\/v2\/users\/2"}],"replies":[{"embeddable":true,"href":"https:\/\/www.europesays.com\/fr\/wp-json\/wp\/v2\/comments?post=487686"}],"version-history":[{"count":0,"href":"https:\/\/www.europesays.com\/fr\/wp-json\/wp\/v2\/posts\/487686\/revisions"}],"wp:featuredmedia":[{"embeddable":true,"href":"https:\/\/www.europesays.com\/fr\/wp-json\/wp\/v2\/media\/487687"}],"wp:attachment":[{"href":"https:\/\/www.europesays.com\/fr\/wp-json\/wp\/v2\/media?parent=487686"}],"wp:term":[{"taxonomy":"category","embeddable":true,"href":"https:\/\/www.europesays.com\/fr\/wp-json\/wp\/v2\/categories?post=487686"},{"taxonomy":"post_tag","embeddable":true,"href":"https:\/\/www.europesays.com\/fr\/wp-json\/wp\/v2\/tags?post=487686"}],"curies":[{"name":"wp","href":"https:\/\/api.w.org\/{rel}","templated":true}]}}