{"id":487688,"date":"2025-10-24T21:50:16","date_gmt":"2025-10-24T21:50:16","guid":{"rendered":"https:\/\/www.europesays.com\/fr\/487688\/"},"modified":"2025-10-24T21:50:16","modified_gmt":"2025-10-24T21:50:16","slug":"les-bonnes-intentions-envers-lukraine-lors-de-la-coalition-des-volontaires","status":"publish","type":"post","link":"https:\/\/www.europesays.com\/fr\/487688\/","title":{"rendered":"les bonnes intentions envers l&rsquo;Ukraine lors de la \u00abcoalition des volontaires\u00bb"},"content":{"rendered":"<p class=\"mb-4 text-lg md:leading-8 break-words\">\u00c0 Londres, la \u00ab\u00a0coalition des volontaires\u00a0\u00bb s\u2019est r\u00e9unie ce 24 octobre pour r\u00e9affirmer son soutien \u00e0 l\u2019Ukraine. Trente-et-un pays, physiquement autour d\u2019une table et en visioconf\u00e9rence, unis pour renforcer le soutien militaire \u00e0 Kiev et resserrer les sanctions contre Moscou.<\/p>\n<p class=\"mb-4 text-lg md:leading-8 break-words\">Au troisi\u00e8me hiver sous les bombardements russes, Kiev attend plus que jamais le geste des alli\u00e9s, relate notre correspondante \u00e0 Londres, <strong>Sidonie Gaucher<\/strong>. <strong><a href=\"https:\/\/www.rfi.fr\/fr\/tag\/keir-starmer\/\" class=\"link \" rel=\"nofollow noopener\" target=\"_blank\" data-ylk=\"slk:Keir Starmer;elm:context_link;itc:0;sec:content-canvas\">Keir Starmer<\/a><\/strong>, l\u2019h\u00f4te de cette r\u00e9union, s\u2019est adress\u00e9 au pr\u00e9sident Zelensky pour r\u00e9affirmer son soutien :<\/p>\n<p class=\"mb-4 text-lg md:leading-8 break-words\">\u00ab La coalition se r\u00e9unit souvent, et c\u2019est une bonne chose. Cela montre que nous surmontons ensemble les d\u00e9fis et que nous sommes derri\u00e8re vous, derri\u00e8re l\u2019Ukraine, comme nous l\u2019avons toujours \u00e9t\u00e9. \u00bb<\/p>\n<p class=\"mb-4 text-lg md:leading-8 break-words\">D\u2019un c\u00f4t\u00e9, il s\u2019agit de couper les vivres \u00e0 la <strong><a href=\"https:\/\/www.rfi.fr\/fr\/tag\/russie\/\" class=\"link \" rel=\"nofollow noopener\" target=\"_blank\" data-ylk=\"slk:Russie;elm:context_link;itc:0;sec:content-canvas\">Russie<\/a><\/strong>, en ciblant encore plus son industrie p\u00e9troli\u00e8re et gazi\u00e8re. De l\u2019autre, d\u2019intensifier les livraisons de missiles longue port\u00e9e, dont la France, qui a promis l\u2019envoi imminent de missiles antia\u00e9riens Aster additionnels, ainsi que d\u2019avions de chasse Mirage pour aider Kiev.<\/p>\n<p class=\"mb-4 text-lg md:leading-8 break-words\">\u00ab Nous livrerons dans les prochains jours des missiles Aster additionnels, de nouveaux programmes de formation et de nouveaux Mirage \u00bb, a dit Emmanuel Macron depuis Paris, sans plus de pr\u00e9cisions.<\/p>\n<p class=\"mb-4 text-lg md:leading-8 break-words\">Pour Ulrich Bounat, analyste g\u00e9opolitique, chercheur-associ\u00e9 chez Euro Cr\u00e9ative, \u00ab il ne faut pas n\u00e9gliger la fourniture de plusieurs avions de chasse par la France. D\u00e9j\u00e0 parce que la France n&rsquo;en a pas non plus tout le tour du ventre \u00e0 en fournir \u00e0 l&rsquo;Ukraine, des Mirage qui sont en fin de vie, la plupart, mais on n&rsquo;en a pas non plus des milliers \u00e0 fournir. Il y avait cette id\u00e9e, \u00e9ventuellement d&rsquo;aller racheter des mirages qu&rsquo;on avait fournis aux pays du Golfe pour les transf\u00e9rer \u00e0 l&rsquo;Ukraine, mais visiblement, cela ne progresse pas trop. La France fournit ce qu&rsquo;elle a, [c&rsquo;est \u00e0 dire] des Mirage qui \u201cfont le travail\u201d. \u00bb<\/p>\n<p>\u00ab Il est tr\u00e8s important de poursuivre notre effort de soutien \u00e0 l&rsquo;Ukraine \u00bb<\/p>\n<p class=\"mb-4 text-lg md:leading-8 break-words\">\u00c0 ce stade, la France a livr\u00e9 trois Mirage 2000 \u00e0 l&rsquo;Ukraine sur les six promis, en raison notamment des besoins de formation des pilotes ukrainiens. L&rsquo;un des appareils a \u00e9t\u00e9 abattu en juillet. Les missiles Aster 15 et 30, produits en coop\u00e9ration entre Paris et Rome, fonctionnent avec le dispositif SAMP\/T MAMBA, un syst\u00e8me de d\u00e9fense antia\u00e9rienne franco-italien \u00e9quivalent au Patriot am\u00e9ricain.<\/p>\n<p class=\"mb-4 text-lg md:leading-8 break-words\">\u00ab Il est tr\u00e8s important de poursuivre notre effort de soutien \u00e0 l&rsquo;Ukraine et de pressions sur la Russie \u00bb, a soulign\u00e9 Emmanuel Macron.<\/p>\n<p class=\"mb-4 text-lg md:leading-8 break-words\"><strong><a href=\"https:\/\/www.rfi.fr\/fr\/tag\/volodymyr-zelensky\/\" class=\"link \" rel=\"nofollow noopener\" target=\"_blank\" data-ylk=\"slk:Volodymyr Zelensky;elm:context_link;itc:0;sec:content-canvas\">Volodymyr Zelensky<\/a><\/strong>, qui a rencontr\u00e9 ce matin le roi <strong><a href=\"https:\/\/www.rfi.fr\/fr\/tag\/charles-iii\/\" class=\"link \" rel=\"nofollow noopener\" target=\"_blank\" data-ylk=\"slk:Charles III;elm:context_link;itc:0;sec:content-canvas\">Charles III<\/a><\/strong> \u00e0 Windsor, presse ses alli\u00e9s d\u2019en faire encore plus, notamment en d\u00e9bloquant l\u2019utilisation des milliards d\u2019euros d\u2019avoirs russes gel\u00e9s pour financer la d\u00e9fense ukrainienne. Ce soutien financier est crucial pour que l\u2019Ukraine puisse affronter l\u2019hiver, marqu\u00e9 par l\u2019intensification des combats et des attaques russes sur ses infrastructures.<\/p>\n<p class=\"mb-4 text-lg md:leading-8 break-words\">\u00ab L&rsquo;Ukraine a des besoins financiers \u00e9normes \u00bb, rappelle Ulrich Bounat. \u00ab Jusqu&rsquo;\u00e0 pr\u00e9sent, ces dons \u00e9taient fournis par les Am\u00e9ricains, les Europ\u00e9ens et les institutions internationales. Vu que les Am\u00e9ricains se sont retir\u00e9s du jeu en 2026 et 2027, l&rsquo;Ukraine est \u00e0 la recherche de 60 \u00e0 70 milliards pour boucler son budget de 2026 et 2027 et pouvoir continuer la guerre. Le probl\u00e8me, c&rsquo;est que comme les Am\u00e9ricains ne paieront plus, ce sont les Europ\u00e9ens qui doivent le faire. \u00bb<\/p>\n<p class=\"mb-4 text-lg md:leading-8 break-words\">\u00c0 lire aussi<a href=\"https:\/\/fr.news.yahoo.com\/avoirs-russes-au-profit-lukraine-222734331.html\" class=\"link  yahoo-link\" data-ylk=\"slk:Avoirs russes au profit de l&#039;Ukraine: premiers pas prudents de l&#039;UE, Zelensky salue \u00abde bons r\u00e9sultats\u00bb;elm:context_link;itc:0;sec:content-canvas;outcm:mb_qualified_link;_E:mb_qualified_link;ct:story;\" target=\"_blank\" rel=\"noopener\">Avoirs russes au profit de l&rsquo;Ukraine: premiers pas prudents de l&rsquo;UE, Zelensky salue \u00abde bons r\u00e9sultats\u00bb<\/a><\/p>\n","protected":false},"excerpt":{"rendered":"\u00c0 Londres, la \u00ab\u00a0coalition des volontaires\u00a0\u00bb s\u2019est r\u00e9unie ce 24 octobre pour r\u00e9affirmer son soutien \u00e0 l\u2019Ukraine. Trente-et-un&hellip;\n","protected":false},"author":2,"featured_media":487689,"comment_status":"","ping_status":"","sticky":false,"template":"","format":"standard","meta":{"footnotes":""},"categories":[1588],"tags":[11,1073,1777,674,2581,5493,4534,12,473,1853,1851,61087,1850,1852,6746],"class_list":{"0":"post-487688","1":"post","2":"type-post","3":"status-publish","4":"format-standard","5":"has-post-thumbnail","7":"category-royaume-uni","8":"tag-actualites","9":"tag-emmanuel-macron","10":"tag-eu","11":"tag-europe","12":"tag-keir-starmer","13":"tag-lukraine","14":"tag-londres","15":"tag-news","16":"tag-royaume-uni","17":"tag-royaume-uni-de-grande-bretagne-et-dirlande-du-nord","18":"tag-uk","19":"tag-ulrich-bounat","20":"tag-united-kingdom","21":"tag-united-kingdom-of-great-britain-and-northern-ireland","22":"tag-zelensky"},"share_on_mastodon":{"url":"https:\/\/pubeurope.com\/@fr\/115431356697036191","error":""},"_links":{"self":[{"href":"https:\/\/www.europesays.com\/fr\/wp-json\/wp\/v2\/posts\/487688","targetHints":{"allow":["GET"]}}],"collection":[{"href":"https:\/\/www.europesays.com\/fr\/wp-json\/wp\/v2\/posts"}],"about":[{"href":"https:\/\/www.europesays.com\/fr\/wp-json\/wp\/v2\/types\/post"}],"author":[{"embeddable":true,"href":"https:\/\/www.europesays.com\/fr\/wp-json\/wp\/v2\/users\/2"}],"replies":[{"embeddable":true,"href":"https:\/\/www.europesays.com\/fr\/wp-json\/wp\/v2\/comments?post=487688"}],"version-history":[{"count":0,"href":"https:\/\/www.europesays.com\/fr\/wp-json\/wp\/v2\/posts\/487688\/revisions"}],"wp:featuredmedia":[{"embeddable":true,"href":"https:\/\/www.europesays.com\/fr\/wp-json\/wp\/v2\/media\/487689"}],"wp:attachment":[{"href":"https:\/\/www.europesays.com\/fr\/wp-json\/wp\/v2\/media?parent=487688"}],"wp:term":[{"taxonomy":"category","embeddable":true,"href":"https:\/\/www.europesays.com\/fr\/wp-json\/wp\/v2\/categories?post=487688"},{"taxonomy":"post_tag","embeddable":true,"href":"https:\/\/www.europesays.com\/fr\/wp-json\/wp\/v2\/tags?post=487688"}],"curies":[{"name":"wp","href":"https:\/\/api.w.org\/{rel}","templated":true}]}}