{"id":487700,"date":"2025-10-24T21:56:11","date_gmt":"2025-10-24T21:56:11","guid":{"rendered":"https:\/\/www.europesays.com\/fr\/487700\/"},"modified":"2025-10-24T21:56:11","modified_gmt":"2025-10-24T21:56:11","slug":"lagence-de-notation-moodys-maintient-la-note-de-la-france-mais-abaisse-sa-perspective","status":"publish","type":"post","link":"https:\/\/www.europesays.com\/fr\/487700\/","title":{"rendered":"L\u2019agence de notation Moody\u2019s maintient la note de la France mais abaisse sa perspective"},"content":{"rendered":"<p><a target=\"_blank\" href=\"https:\/\/www.lanouvellerepublique.fr\/a-la-une\/moody-s-degrade-la-note-souveraine-de-la-france-cadeau-d-arrivee-amer-pour-francois-bayrou\" rel=\"nofollow noopener\">Moody\u2019s a maintenu vendredi 24\u00a0octobre 2025 la note \u00e0 Aa3<\/a> (dette de bonne qualit\u00e9) alors que ses concurrentes Fitch, le 12\u00a0septembre, puis S &amp; P Global, la semaine derni\u00e8re, avaient abaiss\u00e9 la leur d\u2019un cran, \u00e0 A +\u00a0(dette de qualit\u00e9 moyenne sup\u00e9rieure).<\/p>\n<p>Avec cet abaissement de perspective, Moody\u2019s explique vouloir refl\u00e9ter \u00ab\u00a0les risques croissants d\u2019un affaiblissement des institutions et de la gouvernance en France, ainsi que d\u2019un recul partiel des r\u00e9formes structurelles\u00a0\u00bb.<\/p>\n<p>Elle souligne que la \u00ab\u00a0fragmentation durable du paysage politique du pays\u00a0\u00bb, risque \u00ab\u00a0de nuire au fonctionnement des institutions\u00a0\u00bb, avec des gouvernements \u00ab\u00a0continuant \u00e0 lutter pour obtenir une majorit\u00e9 parlementaire\u00a0\u00bb.\u00a0Une incapacit\u00e9 \u00e0 obtenir des lois qui r\u00e8glent \u00ab\u00a0efficacement les d\u00e9fis affaiblirait les institutions du pays\u00a0\u00bb, poursuit-elle.<\/p>\n<p>\u00ab\u00a0En l\u2019absence de budgets qui contiendraient efficacement les d\u00e9penses ou augmenteraient les recettes, le d\u00e9ficit resterait plus large et plus durable que ce que nous pr\u00e9voyons actuellement\u00a0\u00bb, poursuit l\u2019agence.<\/p>\n<p>Le ministre fran\u00e7ais de l\u2019\u00c9conomie et des Finances, Roland Lescure, a aussit\u00f4t \u00ab\u00a0pris acte\u00a0\u00bb de la d\u00e9cision, qui selon lui \u00ab\u00a0t\u00e9moigne de l\u2019absolue n\u00e9cessit\u00e9 de construire un chemin collectif vers un compromis budg\u00e9taire\u00a0\u00bb.<\/p>\n","protected":false},"excerpt":{"rendered":"Moody\u2019s a maintenu vendredi 24\u00a0octobre 2025 la note \u00e0 Aa3 (dette de bonne qualit\u00e9) alors que ses concurrentes&hellip;\n","protected":false},"author":2,"featured_media":487701,"comment_status":"","ping_status":"","sticky":false,"template":"","format":"standard","meta":{"footnotes":""},"categories":[4],"tags":[328,11,33,1011,27,329,12,25],"class_list":{"0":"post-487700","1":"post","2":"type-post","3":"status-publish","4":"format-standard","5":"has-post-thumbnail","7":"category-france","8":"tag-a-la-une","9":"tag-actualites","10":"tag-economie","11":"tag-fr","12":"tag-france","13":"tag-france-monde","14":"tag-news","15":"tag-republique-francaise"},"share_on_mastodon":{"url":"https:\/\/pubeurope.com\/@fr\/115431380356579216","error":""},"_links":{"self":[{"href":"https:\/\/www.europesays.com\/fr\/wp-json\/wp\/v2\/posts\/487700","targetHints":{"allow":["GET"]}}],"collection":[{"href":"https:\/\/www.europesays.com\/fr\/wp-json\/wp\/v2\/posts"}],"about":[{"href":"https:\/\/www.europesays.com\/fr\/wp-json\/wp\/v2\/types\/post"}],"author":[{"embeddable":true,"href":"https:\/\/www.europesays.com\/fr\/wp-json\/wp\/v2\/users\/2"}],"replies":[{"embeddable":true,"href":"https:\/\/www.europesays.com\/fr\/wp-json\/wp\/v2\/comments?post=487700"}],"version-history":[{"count":0,"href":"https:\/\/www.europesays.com\/fr\/wp-json\/wp\/v2\/posts\/487700\/revisions"}],"wp:featuredmedia":[{"embeddable":true,"href":"https:\/\/www.europesays.com\/fr\/wp-json\/wp\/v2\/media\/487701"}],"wp:attachment":[{"href":"https:\/\/www.europesays.com\/fr\/wp-json\/wp\/v2\/media?parent=487700"}],"wp:term":[{"taxonomy":"category","embeddable":true,"href":"https:\/\/www.europesays.com\/fr\/wp-json\/wp\/v2\/categories?post=487700"},{"taxonomy":"post_tag","embeddable":true,"href":"https:\/\/www.europesays.com\/fr\/wp-json\/wp\/v2\/tags?post=487700"}],"curies":[{"name":"wp","href":"https:\/\/api.w.org\/{rel}","templated":true}]}}