{"id":487714,"date":"2025-10-24T22:06:15","date_gmt":"2025-10-24T22:06:15","guid":{"rendered":"https:\/\/www.europesays.com\/fr\/487714\/"},"modified":"2025-10-24T22:06:15","modified_gmt":"2025-10-24T22:06:15","slug":"cest-la-ou-je-foutais-mes","status":"publish","type":"post","link":"https:\/\/www.europesays.com\/fr\/487714\/","title":{"rendered":"\u201cC\u2019est l\u00e0 o\u00f9 je foutais mes\u2026\u201d"},"content":{"rendered":"<p>Voil\u00e0 plusieurs mois que <strong>Louis Sarkozy<\/strong> squatte<br \/>\nles plateaux t\u00e9l\u00e9s et plus g\u00e9n\u00e9ralement l\u2019actualit\u00e9. <strong>C\u2019est<br \/>\nle fils de Nicolas Sarkozy, incarc\u00e9r\u00e9 pour association de<br \/>\nmalfaiteurs, et C\u00e9cilia Attias, femme de l\u2019ombre qui a quitt\u00e9 son<br \/>\np\u00e8re -et l\u2019Elys\u00e9e- en 2007.<\/strong> \u00c0 presque 30 ans, celui-ci est<br \/>\ndevenu papa pour la premi\u00e8re fois ce 24 octobre 2025. Il tente<br \/>\ndepuis quelque temps de percer dans la politique comme son<br \/>\npaternel. En briguant notamment la mairie de Menton. <strong>Il<br \/>\nd\u00e9voile une de ses obsessions en parall\u00e8le de celle qu\u2019il a pour<br \/>\nNapol\u00e9on Bonaparte.<\/strong><\/p>\n<p>Louis Sarkozy, fils de pr\u00e9sident de la R\u00e9publique<\/p>\n<p>Louis Sarkozy est n\u00e9 avec une cuill\u00e8re d\u2019argent dans la bouche.<br \/>\nFils de Nicolas Sarkozy, pr\u00e9sident de la R\u00e9publique, entre 2007 et<br \/>\n2012, et C\u00e9cilia Attias, <a href=\"https:\/\/www.melty.fr\/people\/tres-honnete-louis-sarkozy-balance-sur-sa-mere-cecilia-attias-face-a-carla-bruni-elles-nont-pas-2269075.html\" rel=\"nofollow noopener\" target=\"_blank\"><br \/>\nil grandit dans l\u2019ombre de ses parents<\/a>. Celui-ci se passionne<br \/>\npour l\u2019Histoire, et plus particuli\u00e8rement Napol\u00e9on, comme son<br \/>\npaternel. <strong>Louis a tout juste 10 ans lorsque ce dernier<br \/>\nremporte l\u2019\u00e9lection pr\u00e9sidentielle.<\/strong> Apr\u00e8s le divorce<br \/>\nm\u00e9diatis\u00e9 de son p\u00e8re et sa m\u00e8re, il part vivre aux Etats-Unis avec<br \/>\ncelle-ci.<\/p>\n<p>N\u00e9 en 1997, un an apr\u00e8s le mariage de ses g\u00e9niteurs, il parfait<br \/>\nses \u00e9tudes dans la prestigieuse \u00e9cole militaire, <strong>Valley<br \/>\nForge Academy<\/strong>, \u00e0 Philadelphie. Louis Sarkozy commence ses<br \/>\npremiers faits d\u2019armes dans la sph\u00e8re m\u00e9diatique sur<br \/>\n<strong>Twitter<\/strong>. Son pseudo :<br \/>\n<strong>Sarko_junior<\/strong>. Une graine de troll ? Pas si s\u00fbr\u2026<br \/>\nLes ann\u00e9es passent, l\u2019h\u00e9ritier Sarkozy pousse. <strong>2024, il<br \/>\ndevient chroniqueur sur LCI.<\/strong> Sa sp\u00e9cialit\u00e9 : les<br \/>\nEtats-Unis, forc\u00e9ment. <strong>Il a l\u00a0\u00bbambition de son<br \/>\np\u00e8re.<\/strong><\/p>\n<p>Le trentenaire vient d\u2019avoir son tout premier enfant<\/p>\n<p>En 2025, on a pu voir Louis Sarkozy un peu partout. Il est<br \/>\ndevenu, presque malgr\u00e9 lui, une sorte de <strong>JCVD de<br \/>\nNeuilly-sur-Seine<\/strong>, b\u00eate de foire virale. <strong>\u00c0 grand<br \/>\nrenfort d\u2019interviews dans lesquelles il multiplie les d\u00e9clarations<br \/>\nlunaires, \u00e0 l\u2019image de celle o\u00f9 il vante <a href=\"https:\/\/www.melty.fr\/people\/revancharde-cecilia-attias-balance-sur-son-ex-mari-nicolas-sarkozy-il-etait-juste-2267940.html\" rel=\"nofollow noopener\" target=\"_blank\"><br \/>\nles m\u00e9rites gustatifs d\u2019une mangue<\/a>.<\/strong> En parall\u00e8le,<br \/>\ncelui-ci brigue la mairie de Menton. Il se voit d\u00e9j\u00e0 dans les<br \/>\ntraces de son p\u00e8re. Pour gagner en politique cr\u00e9d\u2019, il a \u00e9crit un<br \/>\nbouquin sur Napol\u00e9on.<\/p>\n<p>C\u00f4t\u00e9 coeur, le fils de Nicolas Sarkozy a un temps \u00e9t\u00e9 avec<br \/>\nl\u2019ex-starlette de t\u00e9l\u00e9-r\u00e9alit\u00e9, <strong>Capucine Anav<\/strong>.<br \/>\nDepuis 2017, il est en couple avec la mannequin <strong>Natali<br \/>\nHusi\u0107<\/strong>, mannequin am\u00e9ricaine d\u2019origine yougoslave. Alors<br \/>\nque son p\u00e8re vient d\u2019\u00eatre incarc\u00e9r\u00e9, condamn\u00e9 pour association de<br \/>\nmalfaiteurs dans l\u2019affaire du financement libyen, Louis, lui, est<br \/>\ndevenu papa. <strong>En effet, son \u00e9pouse a accouch\u00e9 d&rsquo;un enfant,<br \/>\nun fils, Sylla.<\/strong> Rien \u00e0 voir avec l\u2019humoriste\u2026<\/p>\n<p>Cette confession tr\u00e8s intime de Louis<br \/>\nSarkozy<\/p>\n<p>Louis Sarkozy s\u2019est r\u00e9cemment confi\u00e9 sur sa jeunesse dor\u00e9e \u00e0<br \/>\nl\u2019Elys\u00e9e. \u00c0 l\u2019\u00e9poque, il n\u2019est qu\u2019un bambin, presque comme les<br \/>\nautres, dont le p\u00e8re est pr\u00e9sident de la R\u00e9publique. <strong>Dans<br \/>\nQuelle \u00e9poque !, talk-show de L\u00e9a Salam\u00e9, il raconte :<\/strong><br \/>\n\u201c[&#8230;] je passais tout mon temps, parce que, en v\u00e9rit\u00e9, j\u2019ai<br \/>\n\u00e9t\u00e9 \u00e9lev\u00e9 par les chefs cuistots.\u201d Celui qui se faisait<br \/>\nsurnommer \u2018Sarko Jr\u2019 sur Twitter [ex-<strong>X<\/strong>, NDLR]<br \/>\ncontinue dans les r\u00e9v\u00e9lations sur son enfance choy\u00e9e en faisant la<br \/>\nvisite guid\u00e9e du palais pr\u00e9sidentiel : \u201c[&#8230;] Et le salon<br \/>\nd\u2019hiver, c\u2019est l\u00e0 o\u00f9 Napol\u00e9on Bonaparte signe son<br \/>\nabdication.\u201d<\/p>\n<p>L\u2019int\u00e9ress\u00e9 balance ensuite : \u201c<strong>Et, moi, c\u2019est l\u00e0 o\u00f9<br \/>\nje foutais mes Legos.<\/strong>\u201d Rire mi-poli, mi-g\u00ean\u00e9 de<br \/>\nl\u2019animatrice face \u00e0 cette r\u00e9v\u00e9lation un peu pu\u00e9rile de ce grand<br \/>\ngaillard de 28 ans. Louis Sarkozy ajoute : \u201cPour vous dire \u00e0<br \/>\nquel point je n\u2019avais aucune id\u00e9e de l&rsquo;immensit\u00e9 que j\u2019\u00e9tais en<br \/>\ntrain de vivre.\u201d Et pr\u00e9cise ensuite : \u201c<strong>Avec<br \/>\nquelques ann\u00e9es de plus, j\u2019aurais pu appr\u00e9cier cette<br \/>\nexp\u00e9rience.<\/strong>\u201d Finalement, avec le temps, l\u2019h\u00e9ritier<br \/>\nSarkozy a troqu\u00e9 ses petits joujoux intimes, briques \u00e0 embo\u00eeter<br \/>\npour cr\u00e9er des histoires, contre un bouquin sur Napol\u00e9on \u00e9crit de<br \/>\nsa main puis traduit dans la langue de<br \/>\n<strong>Shakespeare<\/strong>. Et des envol\u00e9es lyriques sur la<br \/>\npuissance de la mangue ou du citron de Menton. Pas de doute, Louis<br \/>\nSarkozy est &lsquo;aware&rsquo; !<\/p>\n","protected":false},"excerpt":{"rendered":"Voil\u00e0 plusieurs mois que Louis Sarkozy squatte les plateaux t\u00e9l\u00e9s et plus g\u00e9n\u00e9ralement l\u2019actualit\u00e9. C\u2019est le fils de&hellip;\n","protected":false},"author":2,"featured_media":487715,"comment_status":"","ping_status":"","sticky":false,"template":"","format":"standard","meta":{"footnotes":""},"categories":[1359],"tags":[905,58,59,1011,27,17927,973],"class_list":{"0":"post-487714","1":"post","2":"type-post","3":"status-publish","4":"format-standard","5":"has-post-thumbnail","7":"category-people","8":"tag-a-la-une-melty","9":"tag-divertissement","10":"tag-entertainment","11":"tag-fr","12":"tag-france","13":"tag-louis-sarkozy","14":"tag-people"},"share_on_mastodon":{"url":"https:\/\/pubeurope.com\/@fr\/115431420002152225","error":""},"_links":{"self":[{"href":"https:\/\/www.europesays.com\/fr\/wp-json\/wp\/v2\/posts\/487714","targetHints":{"allow":["GET"]}}],"collection":[{"href":"https:\/\/www.europesays.com\/fr\/wp-json\/wp\/v2\/posts"}],"about":[{"href":"https:\/\/www.europesays.com\/fr\/wp-json\/wp\/v2\/types\/post"}],"author":[{"embeddable":true,"href":"https:\/\/www.europesays.com\/fr\/wp-json\/wp\/v2\/users\/2"}],"replies":[{"embeddable":true,"href":"https:\/\/www.europesays.com\/fr\/wp-json\/wp\/v2\/comments?post=487714"}],"version-history":[{"count":0,"href":"https:\/\/www.europesays.com\/fr\/wp-json\/wp\/v2\/posts\/487714\/revisions"}],"wp:featuredmedia":[{"embeddable":true,"href":"https:\/\/www.europesays.com\/fr\/wp-json\/wp\/v2\/media\/487715"}],"wp:attachment":[{"href":"https:\/\/www.europesays.com\/fr\/wp-json\/wp\/v2\/media?parent=487714"}],"wp:term":[{"taxonomy":"category","embeddable":true,"href":"https:\/\/www.europesays.com\/fr\/wp-json\/wp\/v2\/categories?post=487714"},{"taxonomy":"post_tag","embeddable":true,"href":"https:\/\/www.europesays.com\/fr\/wp-json\/wp\/v2\/tags?post=487714"}],"curies":[{"name":"wp","href":"https:\/\/api.w.org\/{rel}","templated":true}]}}