{"id":487722,"date":"2025-10-24T22:11:30","date_gmt":"2025-10-24T22:11:30","guid":{"rendered":"https:\/\/www.europesays.com\/fr\/487722\/"},"modified":"2025-10-24T22:11:30","modified_gmt":"2025-10-24T22:11:30","slug":"pourquoi-le-film-est-il-dedie-a-michel-blanc","status":"publish","type":"post","link":"https:\/\/www.europesays.com\/fr\/487722\/","title":{"rendered":"Pourquoi le film est-il d\u00e9di\u00e9 \u00e0 Michel Blanc ?"},"content":{"rendered":"<p>Ce vendredi 24 octobre \u00e0 21h10, Canal+ diffuse God Save the Tuche. Son r\u00e9alisateur, Jean-Paul Rouve, a tenu \u00e0 rendre hommage \u00e0 son ami Michel Blanc. Pourquoi ? <\/p>\n<p>L&rsquo;ann\u00e9e n&rsquo;est pas encore finie, mais elle est suffisamment avanc\u00e9e pour que se d\u00e9gagent les grands succ\u00e8s au cin\u00e9ma. Alors, quels sont les films que les spectateurs fran\u00e7ais ont pl\u00e9biscit\u00e9 en 2025 ? Si c\u00f4t\u00e9 sorties internationales, <a href=\"https:\/\/www.programme-tv.net\/news\/cinema\/382500-demarrage-fracassant-pour-brad-pitt-avec-f1-lilo-stitch-toujours-dans-la-course-le-top-10-des-entrees-au-box-office-du-25-juin-au-1er-juillet-2025\/\" data-api-deeplink=\"teleloisirs:\/\/news\/382500\" target=\"_blank\" rel=\"noopener\">le remake de Lilo et Stitch en live-action, le vrombissant F1 et le dernier volet de la saga Jurassic Park ont tout rafl\u00e9<\/a>, il y a bien une production de chez nous qui tire son \u00e9pingle du jeu dans le top 5, avec plus de 3.000.000 d&rsquo;entr\u00e9es. Il s&rsquo;agit de God save the Tuche, que Canal+ diffuse ce vendredi 24 octobre \u00e0 21h10. Depuis pr\u00e8s de quinze ans et apr\u00e8s des aventures \u00e0 Monaco, <a href=\"https:\/\/www.programme-tv.net\/news\/cinema\/370752-ou-a-ete-tourne-les-tuche-2-le-reve-americain\/\" data-api-deeplink=\"teleloisirs:\/\/news\/370752\" target=\"_blank\" rel=\"noopener\">aux \u00c9tats-Unis<\/a> ou <a href=\"https:\/\/www.programme-tv.net\/news\/cinema\/371287-les-tuche-3-plus-gros-succes-francais-au-cinema-en-2018\/\" data-api-deeplink=\"teleloisirs:\/\/news\/371287\" target=\"_blank\" rel=\"noopener\">dans le palais de l\u2019\u00c9lys\u00e9e<\/a>, la c\u00e9l\u00e8bre famille continue de joyeusement semer la zizanie o\u00f9 elle passe. Derni\u00e8re destination en date : l&rsquo;Angleterre.<\/p>\n<p>                        <b>God Save the Tuche<\/b><b> : avez-vous vu cet hommage \u00e0 <\/b>Michel Blanc dans le g\u00e9n\u00e9rique ?<\/p>\n<p>Alors que Jiji, prodige du football, part s&rsquo;entra\u00eener au Royaume Uni, la famille Tuche quitte sa ch\u00e8re ville de Bouzolles et traverse la Manche pour l&rsquo;accompagner. C&rsquo;est alors que Jeff Tuche, en tant qu&rsquo;ancien pr\u00e9sident de la R\u00e9publique, est invit\u00e9 par la famille royale. Apr\u00e8s avoir r\u00e9alis\u00e9 les quatre premiers volets, <a href=\"https:\/\/www.programme-tv.net\/biographie\/61292-baroux-olivier\/\" data-link-people=\"7f151f98-5355-4e92-98e4-7b185b383484\" target=\"_blank\" rel=\"noopener\">Olivier Baroux<\/a> passe la main \u00e0 Jean-Paul Rouve, qui, devant et derri\u00e8re la cam\u00e9ra, assure la continuit\u00e9 de la c\u00e9l\u00e8bre saga familiale toujours aussi gentiment fantaisiste. Une grande premi\u00e8re pour l&rsquo;ancien Robin des bois, et aussi l&rsquo;occasion de rendre hommage \u00e0 un ami cher. En effet, dans le pr\u00e9-g\u00e9n\u00e9rique, on peut voir que le film est d\u00e9di\u00e9 \u00e0 Michel Blanc, d\u00e9c\u00e9d\u00e9 le 3 octobre 2024. Car les deux comp\u00e8res n&rsquo;\u00e9taient pas seulement partenaires de jeu dans le quatri\u00e8me volet, o\u00f9 l&rsquo;ex-membre du Splendid jouait Jean-Yves Marteau, comme l&rsquo;explique Jean-Paul Rouve au micro d&rsquo;Allocin\u00e9 <a href=\"https:\/\/www.youtube.com\/watch?v=mhN7K5CrPHY\" target=\"_blank\" rel=\"noopener\">dans l&rsquo;\u00e9mission Grand Ecran<\/a>.<\/p>\n<p>            Michel Blanc, \u00ab\u00a0un ami tr\u00e8s proche\u00a0\u00bb de Jean-Paul Rouve<\/p>\n<p>Les Cadors, Voyez comme on danse, Les Souvenirs&#8230; Jean-Paul Rouve et Michel Blanc ont multipli\u00e9 les collaborations, forgeant une amiti\u00e9 sans faille. \u00ab\u00a0<a href=\"https:\/\/www.programme-tv.net\/news\/people\/362517-obseques-de-michel-blanc-jean-paul-rouve-prend-la-parole-a-la-ceremonie-et-lui-rend-un-hommage-dechirant-putain-michel-quest-ce-que-tu-nous-as-fait\/\" data-api-deeplink=\"teleloisirs:\/\/news\/362517\" target=\"_blank\" rel=\"noopener\">Son d\u00e9part a \u00e9t\u00e9 terrible pour moi<\/a>. J&rsquo;\u00e9tais en train de faire l&rsquo;\u00e9talonnage &#8211; mixage des Tuche quand il est parti. \u00c9videmment j&rsquo;ai ajout\u00e9 \u00ab\u00a0\u00e0 Michel\u00a0\u00bb. Il jouait dans le 4. C&rsquo;\u00e9tait vraiment un ami tr\u00e8s cher, tr\u00e8s proche\u00a0\u00bb, raconte <a href=\"https:\/\/www.programme-tv.net\/news\/people\/364695-quand-il-est-parti-tres-emu-jean-paul-rouve-evoque-ce-geste-qu-il-ne-peut-pas-faire-depuis-la-mort-de-son-ami-michel-blanc-video\/\" data-api-deeplink=\"teleloisirs:\/\/news\/364695\" target=\"_blank\" rel=\"noopener\">celui qui incarne Jeff Tuche, toujours tr\u00e8s pein\u00e9<\/a>. Un bel hommage, donc.<\/p>\n","protected":false},"excerpt":{"rendered":"Ce vendredi 24 octobre \u00e0 21h10, Canal+ diffuse God Save the Tuche. Son r\u00e9alisateur, Jean-Paul Rouve, a tenu&hellip;\n","protected":false},"author":2,"featured_media":487723,"comment_status":"","ping_status":"","sticky":false,"template":"","format":"standard","meta":{"footnotes":""},"categories":[1354],"tags":[2083,1419,244,58,59,1346,1011,27,61089,4879,1629,5517,3970,1360,129],"class_list":{"0":"post-487722","1":"post","2":"type-post","3":"status-publish","4":"format-standard","5":"has-post-thumbnail","7":"category-films","8":"tag-bandes-annonces","9":"tag-canal-plus","10":"tag-commentaire","11":"tag-divertissement","12":"tag-entertainment","13":"tag-films","14":"tag-fr","15":"tag-france","16":"tag-god-save-the-tuche","17":"tag-hommage","18":"tag-jean-paul-rouve","19":"tag-les-tuche","20":"tag-michel-blanc","21":"tag-movies","22":"tag-svod"},"share_on_mastodon":{"url":"https:\/\/pubeurope.com\/@fr\/115431439487746495","error":""},"_links":{"self":[{"href":"https:\/\/www.europesays.com\/fr\/wp-json\/wp\/v2\/posts\/487722","targetHints":{"allow":["GET"]}}],"collection":[{"href":"https:\/\/www.europesays.com\/fr\/wp-json\/wp\/v2\/posts"}],"about":[{"href":"https:\/\/www.europesays.com\/fr\/wp-json\/wp\/v2\/types\/post"}],"author":[{"embeddable":true,"href":"https:\/\/www.europesays.com\/fr\/wp-json\/wp\/v2\/users\/2"}],"replies":[{"embeddable":true,"href":"https:\/\/www.europesays.com\/fr\/wp-json\/wp\/v2\/comments?post=487722"}],"version-history":[{"count":0,"href":"https:\/\/www.europesays.com\/fr\/wp-json\/wp\/v2\/posts\/487722\/revisions"}],"wp:featuredmedia":[{"embeddable":true,"href":"https:\/\/www.europesays.com\/fr\/wp-json\/wp\/v2\/media\/487723"}],"wp:attachment":[{"href":"https:\/\/www.europesays.com\/fr\/wp-json\/wp\/v2\/media?parent=487722"}],"wp:term":[{"taxonomy":"category","embeddable":true,"href":"https:\/\/www.europesays.com\/fr\/wp-json\/wp\/v2\/categories?post=487722"},{"taxonomy":"post_tag","embeddable":true,"href":"https:\/\/www.europesays.com\/fr\/wp-json\/wp\/v2\/tags?post=487722"}],"curies":[{"name":"wp","href":"https:\/\/api.w.org\/{rel}","templated":true}]}}