{"id":487733,"date":"2025-10-24T22:17:16","date_gmt":"2025-10-24T22:17:16","guid":{"rendered":"https:\/\/www.europesays.com\/fr\/487733\/"},"modified":"2025-10-24T22:17:16","modified_gmt":"2025-10-24T22:17:16","slug":"six-britanniques-lourdement-condamnes-pour-un-incendie-commandite-par-le-groupe-wagner","status":"publish","type":"post","link":"https:\/\/www.europesays.com\/fr\/487733\/","title":{"rendered":"Six Britanniques lourdement condamn\u00e9s pour un incendie commandit\u00e9 par le groupe Wagner"},"content":{"rendered":"<p>Le verdict est tomb\u00e9. A <a href=\"https:\/\/www.20minutes.fr\/dossier\/londres\" target=\"_blank\" class=\"c-link c-link--is-underlined\" rel=\"noopener\">Londres<\/a>, six jeunes <a href=\"https:\/\/www.20minutes.fr\/dossier\/anglais\" target=\"_blank\" class=\"c-link c-link--is-underlined\" rel=\"noopener\">Britanniques<\/a> ont \u00e9t\u00e9 condamn\u00e9s vendredi \u00e0 de lourdes peines de prison, allant jusqu\u2019\u00e0 23 ans, pour avoir incendi\u00e9 un entrep\u00f4t stockant du mat\u00e9riel destin\u00e9 \u00e0 l\u2019<a href=\"https:\/\/www.20minutes.fr\/monde\/ukraine\/\" target=\"_blank\" class=\"c-link c-link--is-underlined\" rel=\"noopener\">Ukraine<\/a>, dans le cadre d\u2019une op\u00e9ration orchestr\u00e9e par des agents li\u00e9s au groupe paramilitaire russe <a href=\"https:\/\/www.20minutes.fr\/monde\/groupe-wagner\/\" target=\"_blank\" class=\"c-link c-link--is-underlined\" rel=\"noopener\">Wagner<\/a>.<\/p>\n<p>L\u2019affaire avait provoqu\u00e9 un s\u00e9isme politique outre-Manche, entra\u00eenant la convocation de l\u2019ambassadeur russe par le Foreign Office. La juge Bobbie Cheema-Grubb a affirm\u00e9 que ces condamnations devaient envoyer un \u00ab\u00a0signal clair et sans \u00e9quivoque\u00a0\u00bb. Toute personne aidant une puissance \u00e9trang\u00e8re hostile en paiera le prix fort. Elle a fustig\u00e9 les accus\u00e9s pour avoir accept\u00e9 de \u00ab\u00a0trahir leur pays pour ce qui semblait \u00eatre de l\u2019argent facile\u00a0\u00bb.<\/p>\n<p>Des peines de 8 \u00e0 23 ans de prison<\/p>\n<p>Le principal accus\u00e9, Dylan Earl, 21 ans, a \u00e9cop\u00e9 de 23 ans de prison, dont 17 ferme. Ce petit trafiquant de drogue originaire du centre de l\u2019Angleterre avait \u00e9t\u00e9 en contact avec Wagner via la messagerie crypt\u00e9e <a href=\"https:\/\/www.20minutes.fr\/high-tech\/telegram\/\" target=\"_blank\" class=\"c-link c-link--is-underlined\" rel=\"noopener\">Telegram<\/a>. A ses c\u00f4t\u00e9s, Jake Reeves, 22 ans, a \u00e9t\u00e9 condamn\u00e9 \u00e0 13 ans dont 12 ferme.<\/p>\n<\/p>\n<p>Recrut\u00e9 par Dylan Earl sans jamais l\u2019avoir rencontr\u00e9, Jake Reeves a reconnu avoir particip\u00e9 \u00e0 l\u2019<a href=\"https:\/\/www.20minutes.fr\/dossier\/incendie\" target=\"_blank\" class=\"c-link c-link--is-underlined\" rel=\"noopener\">incendie<\/a> sans conna\u00eetre les v\u00e9ritables commanditaires. Trois autres complices, Nii Mensah, 23 ans, Jakeem Rose, 23 ans, et Agnius Usmena, 20 ans, ont \u00e9cop\u00e9 de peines de huit \u00e0 dix ans pour incendie criminel aggrav\u00e9.<\/p>\n<p>Hausse du nombre d\u2019\u00ab\u00a0interm\u00e9diaires\u00a0\u00bb<\/p>\n<p>L\u2019incendie avait ravag\u00e9 l\u2019entrep\u00f4t pendant plus de deux jours, causant pr\u00e8s d\u2019un million de livres de d\u00e9g\u00e2ts. Les saboteurs n\u2019ont jamais re\u00e7u les 9.000 livres (environ 10.300 euros) promises, mais ont accept\u00e9 une nouvelle mission\u00a0: le projet d\u2019enl\u00e8vement d\u2019un dissident russe, Evgeny Chichvarkin. L\u2019op\u00e9ration avait \u00e9t\u00e9 d\u00e9jou\u00e9e \u00e0 temps.<\/p>\n<p><a href=\"https:\/\/www.20minutes.fr\/monde\/ukraine\/\" target=\"_blank\" class=\"c-link c-btn c-btn--primary\" rel=\"noopener\">Notre dossier sur la guerre en Ukraine<\/a><\/p>\n<p>Le Premier ministre <a href=\"https:\/\/www.20minutes.fr\/monde\/keir-starmer\/\" target=\"_blank\" class=\"c-link c-link--is-underlined\" rel=\"noopener\">Keir Starmer<\/a> a r\u00e9agi avec fermet\u00e9 lors d\u2019une conf\u00e9rence de presse aux c\u00f4t\u00e9s de Volodymyr Zelensky. \u00ab\u00a0Nous ne tol\u00e9rerons aucune activit\u00e9 hostile. La s\u00e9curit\u00e9 de l\u2019Ukraine et du Royaume-Uni est \u00e9troitement li\u00e9e.\u00a0\u00bb De son c\u00f4t\u00e9, le chef du MI5 a r\u00e9cemment alert\u00e9 sur la hausse du nombre d\u2019\u00ab\u00a0interm\u00e9diaires\u00a0\u00bb, ces individus \u00ab\u00a0motiv\u00e9s par l\u2019argent et l\u2019excitation de jouer les espions\u00a0\u00bb au profit de la <a href=\"https:\/\/www.20minutes.fr\/monde\/russie\/\" target=\"_blank\" class=\"c-link c-link--is-underlined\" rel=\"noopener\">Russie<\/a>. Moins de 24 heures avant le verdict, trois autres suspects ont d\u2019ailleurs \u00e9t\u00e9 arr\u00eat\u00e9s \u00e0 Londres, soup\u00e7onn\u00e9s de collaboration avec les services russes.<\/p>\n","protected":false},"excerpt":{"rendered":"Le verdict est tomb\u00e9. A Londres, six jeunes Britanniques ont \u00e9t\u00e9 condamn\u00e9s vendredi \u00e0 de lourdes peines de&hellip;\n","protected":false},"author":2,"featured_media":487734,"comment_status":"","ping_status":"","sticky":false,"template":"","format":"standard","meta":{"footnotes":""},"categories":[5],"tags":[47,11,4777,1011,27,61090,131,1310,14,2581,4534,74,12,473,132,22806,134,28],"class_list":{"0":"post-487733","1":"post","2":"type-post","3":"status-publish","4":"format-standard","5":"has-post-thumbnail","7":"category-international","8":"tag-actualite","9":"tag-actualites","10":"tag-espionnage","11":"tag-fr","12":"tag-france","13":"tag-groupe-wagner","14":"tag-guerre-en-ukraine","15":"tag-incendie","16":"tag-international","17":"tag-keir-starmer","18":"tag-londres","19":"tag-monde","20":"tag-news","21":"tag-royaume-uni","22":"tag-russie","23":"tag-telegram","24":"tag-volodymyr-zelensky","25":"tag-world"},"share_on_mastodon":{"url":"https:\/\/pubeurope.com\/@fr\/115431462937820991","error":""},"_links":{"self":[{"href":"https:\/\/www.europesays.com\/fr\/wp-json\/wp\/v2\/posts\/487733","targetHints":{"allow":["GET"]}}],"collection":[{"href":"https:\/\/www.europesays.com\/fr\/wp-json\/wp\/v2\/posts"}],"about":[{"href":"https:\/\/www.europesays.com\/fr\/wp-json\/wp\/v2\/types\/post"}],"author":[{"embeddable":true,"href":"https:\/\/www.europesays.com\/fr\/wp-json\/wp\/v2\/users\/2"}],"replies":[{"embeddable":true,"href":"https:\/\/www.europesays.com\/fr\/wp-json\/wp\/v2\/comments?post=487733"}],"version-history":[{"count":0,"href":"https:\/\/www.europesays.com\/fr\/wp-json\/wp\/v2\/posts\/487733\/revisions"}],"wp:featuredmedia":[{"embeddable":true,"href":"https:\/\/www.europesays.com\/fr\/wp-json\/wp\/v2\/media\/487734"}],"wp:attachment":[{"href":"https:\/\/www.europesays.com\/fr\/wp-json\/wp\/v2\/media?parent=487733"}],"wp:term":[{"taxonomy":"category","embeddable":true,"href":"https:\/\/www.europesays.com\/fr\/wp-json\/wp\/v2\/categories?post=487733"},{"taxonomy":"post_tag","embeddable":true,"href":"https:\/\/www.europesays.com\/fr\/wp-json\/wp\/v2\/tags?post=487733"}],"curies":[{"name":"wp","href":"https:\/\/api.w.org\/{rel}","templated":true}]}}