{"id":487739,"date":"2025-10-24T22:20:40","date_gmt":"2025-10-24T22:20:40","guid":{"rendered":"https:\/\/www.europesays.com\/fr\/487739\/"},"modified":"2025-10-24T22:20:40","modified_gmt":"2025-10-24T22:20:40","slug":"loire-cette-association-stephanoise-aide-les-victimes-de-violences-conjugales","status":"publish","type":"post","link":"https:\/\/www.europesays.com\/fr\/487739\/","title":{"rendered":"Loire. Cette association st\u00e9phanoise aide les victimes de violences conjugales"},"content":{"rendered":"<p>Sur les murs, des portraits aux couleurs vives. Ces \u0153uvres ont \u00e9t\u00e9 faites, avec l\u2019aide de l\u2019artiste Pierre Mallet, par des femmes en souffrance qui ont pouss\u00e9, un jour, les portes du nouveau local de SOS violences conjugales, situ\u00e9 au 25 rue Berthelot, dans le quartier de Bellevue.<\/p>\n<p>En qu\u00eate de r\u00e9silience, elles sont venues ici, comme tant d\u2019autres, pour dire les maux qui fracassent leur vie depuis des semaines, des mois, voire des ann\u00e9es. Ces femmes sont victimes de violences de celui qu\u2019elles ont, sans doute, un jour aim\u00e9.<\/p>\n<p>\u00ab\u00a0Il faut en finir avec l\u2019unique repr\u00e9sentation de la femme avec un \u0153il au beurre noir\u00a0\u00bb<\/p>\n<p>Deux salles d\u2019entretiens, avec d\u2019autres images, et une phrase \u00e9crite par une autre victime et qui dit\u00a0: \u00ab\u00a0Seul un petit homme utilise la violence contre les femmes pour se sentir plus grand.\u00a0\u00bb<\/p>\n<p>Deux autres pi\u00e8ces pour les entretiens plus classiques. Une salle d\u2019attente \u00e0 la lumi\u00e8re tamis\u00e9e, une&#8230;<\/p>\n","protected":false},"excerpt":{"rendered":"Sur les murs, des portraits aux couleurs vives. Ces \u0153uvres ont \u00e9t\u00e9 faites, avec l\u2019aide de l\u2019artiste Pierre&hellip;\n","protected":false},"author":2,"featured_media":487740,"comment_status":"","ping_status":"","sticky":false,"template":"","format":"standard","meta":{"footnotes":""},"categories":[9653],"tags":[1111,11,2430,7539,1777,674,6757,1011,27,12,25,4001,7538,104],"class_list":{"0":"post-487739","1":"post","2":"type-post","3":"status-publish","4":"format-standard","5":"has-post-thumbnail","7":"category-saint-etienne","8":"tag-actu","9":"tag-actualites","10":"tag-auvergne-rhone-alpes","11":"tag-edition-loire-sud","12":"tag-eu","13":"tag-europe","14":"tag-feminisme","15":"tag-fr","16":"tag-france","17":"tag-news","18":"tag-republique-francaise","19":"tag-saint-etienne","20":"tag-saint-etienne-ville","21":"tag-societe"},"share_on_mastodon":{"url":"https:\/\/pubeurope.com\/@fr\/115431474822291587","error":""},"_links":{"self":[{"href":"https:\/\/www.europesays.com\/fr\/wp-json\/wp\/v2\/posts\/487739","targetHints":{"allow":["GET"]}}],"collection":[{"href":"https:\/\/www.europesays.com\/fr\/wp-json\/wp\/v2\/posts"}],"about":[{"href":"https:\/\/www.europesays.com\/fr\/wp-json\/wp\/v2\/types\/post"}],"author":[{"embeddable":true,"href":"https:\/\/www.europesays.com\/fr\/wp-json\/wp\/v2\/users\/2"}],"replies":[{"embeddable":true,"href":"https:\/\/www.europesays.com\/fr\/wp-json\/wp\/v2\/comments?post=487739"}],"version-history":[{"count":0,"href":"https:\/\/www.europesays.com\/fr\/wp-json\/wp\/v2\/posts\/487739\/revisions"}],"wp:featuredmedia":[{"embeddable":true,"href":"https:\/\/www.europesays.com\/fr\/wp-json\/wp\/v2\/media\/487740"}],"wp:attachment":[{"href":"https:\/\/www.europesays.com\/fr\/wp-json\/wp\/v2\/media?parent=487739"}],"wp:term":[{"taxonomy":"category","embeddable":true,"href":"https:\/\/www.europesays.com\/fr\/wp-json\/wp\/v2\/categories?post=487739"},{"taxonomy":"post_tag","embeddable":true,"href":"https:\/\/www.europesays.com\/fr\/wp-json\/wp\/v2\/tags?post=487739"}],"curies":[{"name":"wp","href":"https:\/\/api.w.org\/{rel}","templated":true}]}}