{"id":487743,"date":"2025-10-24T22:22:35","date_gmt":"2025-10-24T22:22:35","guid":{"rendered":"https:\/\/www.europesays.com\/fr\/487743\/"},"modified":"2025-10-24T22:22:35","modified_gmt":"2025-10-24T22:22:35","slug":"reportee-a-cause-de-la-meteo-la-nouvelle-date-douverture-est-connue","status":"publish","type":"post","link":"https:\/\/www.europesays.com\/fr\/487743\/","title":{"rendered":"report\u00e9e \u00e0 cause de la m\u00e9t\u00e9o, la nouvelle date d&rsquo;ouverture est connue"},"content":{"rendered":"<p>            Par<br \/>\n        <strong><br \/>\n            <a href=\"https:\/\/actu.fr\/auteur\/pierre-emile-bouchy-actu-fr\" title=\"Consulter tous les articles de Paul-Emile Bouchy\" target=\"_blank\" rel=\"noopener\">Paul-Emile Bouchy<\/a><br \/>\n        <\/strong><\/p>\n<p>        Publi\u00e9 le<\/p>\n<p>            24 oct. 2025 \u00e0 12h30        <\/p>\n<p>Les vents violents et le passage de la d\u00e9pression Benjamin ont entra\u00een\u00e9 <a href=\"https:\/\/actu.fr\/grand-est\/nancy_54395\/foire-d-automne-2025-a-nancy-prevue-ce-jeudi-son-inauguration-est-reportee-a-cause-de-la-meteo_63337713.html\" target=\"_blank\" rel=\"noopener\">le report l\u2019inauguration de la Foire d\u2019Automne<\/a>, pr\u00e9vue le jeudi 23\u00a0octobre 2025 au <a href=\"https:\/\/actu.fr\/grand-est\/nancy_54395\/nancy-le-parc-de-la-pepiniere-sera-ferme-au-public-mardi-et-mercredi-voici-pourquoi_63297711.html\" target=\"_blank\" rel=\"noopener\">parc de la P\u00e9pini\u00e8re<\/a> \u00e0 Nancy (Meurthe-et-Moselle).<\/p>\n<p class=\" wall-content\">Heureusement, le calme est d\u00e9sormais revenu dans le ciel lorrain et <strong>l\u2019ouverture de la foire est imminente<\/strong>. Voici quand elle aura lieu.<\/p>\n<p>La Foire d\u2019Automne ouverte ce vendredi apr\u00e8s-midi<\/p>\n<p class=\" wall-content\">Rencontr\u00e9s ce matin, des forains pr\u00e9cisent que la <a href=\"https:\/\/actu.fr\/grand-est\/nancy_54395\/foire-d-automne-2025-a-nancy-nouveaux-maneges-horaires-dates-voici-tout-ce-que-vous-devez-savoir_63297142.html\" target=\"_blank\" rel=\"noopener\">Foire d\u2019Automne<\/a> ouvrira <strong>ce vendredi 24\u00a0octobre \u00e0 partir de 13h30<\/strong> et jusqu\u2019\u00e0 20h.<\/p>\n<p class=\" wall-content\">L\u2019inauguration avec les \u00e9lus et notamment le maire de Nancy, Mathieu Klein, aura lieu samedi \u00e0 13h30.<\/p>\n<p>Plus de 50 m\u00e9tiers pr\u00e9sents<\/p>\n<p class=\" wall-content\">La foire sera ouverte aux visiteurs <strong>jusqu\u2019au dimanche 16\u00a0novembre aux horaires suivants<\/strong>\u2009:<\/p>\n<ul class=\" wall-content\">\n<li>du 23 au 31\u00a0octobre 2025 inclus\u2009: tous les jours de 13h30 \u00e0 20h<\/li>\n<li>Du 1er au 16\u00a0novembre 2025 inclus\u2009:<br \/>\u2013 les lundis, mardis, jeudis et vendredis (hors jours f\u00e9ri\u00e9s et vacances scolaires) de 15h30 \u00e0 19h\u2009;<br \/>\u2013 les mercredis (hors jours f\u00e9ri\u00e9s et vacances scolaires) de 14h \u00e0 19h\u2009;<br \/>\u2013 les samedis, les dimanches, les jours f\u00e9ri\u00e9s de 13h30 \u00e0 19h.<\/li>\n<\/ul>\n<p class=\" wall-content\"><strong>Plus de 50 m\u00e9tiers sont pr\u00e9sents<\/strong> pour divertir petits et grands\u2009: attractions, jeux d\u2019adresse, palais des glaces\u00a0ou encore\u00a0boutiques de confiseries et de snacking.<\/p>\n<p class=\" wall-content\">Personnalisez votre actualit\u00e9 en ajoutant vos villes et m\u00e9dias en favori avec <a href=\"https:\/\/moncompte.actu.fr\" title=\"D\u00e9couvez Mon Actu\" rel=\"nofollow noopener\" data-trk=\"{&quot;cta&quot;:{&quot;action&quot;:&quot;https:\\\/\\\/moncompte.actu.fr&quot;,&quot;category&quot;:&quot;mon compte&quot;,&quot;from&quot;:&quot;article footer&quot;,&quot;name&quot;:&quot;Mon actu&quot;,&quot;type&quot;:&quot;cta&quot;}}\" target=\"_blank\">Mon Actu<\/a>.<\/p>\n","protected":false},"excerpt":{"rendered":"Par Paul-Emile Bouchy Publi\u00e9 le 24 oct. 2025 \u00e0 12h30 Les vents violents et le passage de la&hellip;\n","protected":false},"author":2,"featured_media":487744,"comment_status":"","ping_status":"","sticky":false,"template":"","format":"standard","meta":{"footnotes":""},"categories":[9635],"tags":[1111,11,1777,674,11501,1011,27,775,1702,12,11014,25,104],"class_list":{"0":"post-487743","1":"post","2":"type-post","3":"status-publish","4":"format-standard","5":"has-post-thumbnail","7":"category-nancy","8":"tag-actu","9":"tag-actualites","10":"tag-eu","11":"tag-europe","12":"tag-fete-foraine","13":"tag-fr","14":"tag-france","15":"tag-grand-est","16":"tag-nancy","17":"tag-news","18":"tag-parc-de-la-pepiniere","19":"tag-republique-francaise","20":"tag-societe"},"share_on_mastodon":{"url":"https:\/\/pubeurope.com\/@fr\/115431482537293966","error":""},"_links":{"self":[{"href":"https:\/\/www.europesays.com\/fr\/wp-json\/wp\/v2\/posts\/487743","targetHints":{"allow":["GET"]}}],"collection":[{"href":"https:\/\/www.europesays.com\/fr\/wp-json\/wp\/v2\/posts"}],"about":[{"href":"https:\/\/www.europesays.com\/fr\/wp-json\/wp\/v2\/types\/post"}],"author":[{"embeddable":true,"href":"https:\/\/www.europesays.com\/fr\/wp-json\/wp\/v2\/users\/2"}],"replies":[{"embeddable":true,"href":"https:\/\/www.europesays.com\/fr\/wp-json\/wp\/v2\/comments?post=487743"}],"version-history":[{"count":0,"href":"https:\/\/www.europesays.com\/fr\/wp-json\/wp\/v2\/posts\/487743\/revisions"}],"wp:featuredmedia":[{"embeddable":true,"href":"https:\/\/www.europesays.com\/fr\/wp-json\/wp\/v2\/media\/487744"}],"wp:attachment":[{"href":"https:\/\/www.europesays.com\/fr\/wp-json\/wp\/v2\/media?parent=487743"}],"wp:term":[{"taxonomy":"category","embeddable":true,"href":"https:\/\/www.europesays.com\/fr\/wp-json\/wp\/v2\/categories?post=487743"},{"taxonomy":"post_tag","embeddable":true,"href":"https:\/\/www.europesays.com\/fr\/wp-json\/wp\/v2\/tags?post=487743"}],"curies":[{"name":"wp","href":"https:\/\/api.w.org\/{rel}","templated":true}]}}