{"id":487757,"date":"2025-10-24T22:35:25","date_gmt":"2025-10-24T22:35:25","guid":{"rendered":"https:\/\/www.europesays.com\/fr\/487757\/"},"modified":"2025-10-24T22:35:25","modified_gmt":"2025-10-24T22:35:25","slug":"evacues-dun-parc-des-migrants-trouvent-refuge-au-sein-de-luniversite-rennes-2","status":"publish","type":"post","link":"https:\/\/www.europesays.com\/fr\/487757\/","title":{"rendered":"\u00c9vacu\u00e9s d\u2019un parc, des migrants trouvent refuge au sein de l\u2019universit\u00e9 Rennes 2"},"content":{"rendered":"<p>Apr\u00e8s l\u2019\u00e9vacuation du campement de Maurepas et la mise \u00e0 l\u2019abri de nombreux migrants jeudi 23 octobre, une vingtaine de personnes sont rest\u00e9es sur le carreau, sans solution d\u2019h\u00e9bergement.<\/p>\n<p>Une solution provisoire<\/p>\n<p>Apr\u00e8s avoir \u00e9t\u00e9 accueillis \u00ab au sec \u00bb au sein du b\u00e2timent du 4bis, la nuit derni\u00e8re, ils ont investi ce vendredi deux salles l\u2019universit\u00e9 Rennes 2 avec des membres de l\u2019association Utopia 56.<\/p>\n<p>\u00ab C\u2019est une solution provisoire \u00bb, pr\u00e9cise un membre de l\u2019association. \u00ab Les \u00e9changes ont \u00e9t\u00e9 constructifs. On nous a promis qu\u2019on pourra rester sur le campus de Villejean jusqu\u2019\u00e0 mercredi \u00e0 condition qu\u2019il n\u2019y ait pas de nouvelles personnes qui arrivent \u00bb. Contact\u00e9e, l\u2019universit\u00e9 n\u2019a pas souhait\u00e9 donner de pr\u00e9cisions.<\/p>\n<p>Des solutions trouv\u00e9es ailleurs en Bretagne<\/p>\n<p>Depuis plus de cinq mois, environ 260 personnes vivaient dans le campement du parc de Maurepas dans des conditions sanitaires pr\u00e9caires. Avec la d\u00e9gradation m\u00e9t\u00e9o des derniers jours, la Pr\u00e9fecture a acc\u00e9l\u00e9r\u00e9 sa proc\u00e9dure d\u2019\u00e9vacuation.<\/p>\n<p>De nombreuses personnes ont \u00e9t\u00e9 conduites vers des h\u00e9bergements d\u2019urgence un peu partout en Bretagne. \u00ab On a peur que \u00e7a soit seulement temporaire et qu\u2019ils finissent par revenir \u00e0 la rue dans quelques jours \u00bb, s\u2019inqui\u00e8te un membre de l\u2019association Utopia 56.<\/p>\n","protected":false},"excerpt":{"rendered":"Apr\u00e8s l\u2019\u00e9vacuation du campement de Maurepas et la mise \u00e0 l\u2019abri de nombreux migrants jeudi 23 octobre, une&hellip;\n","protected":false},"author":2,"featured_media":487758,"comment_status":"","ping_status":"","sticky":false,"template":"","format":"standard","meta":{"footnotes":""},"categories":[2821],"tags":[1111,11,829,1777,674,1011,27,848,12,584,25],"class_list":{"0":"post-487757","1":"post","2":"type-post","3":"status-publish","4":"format-standard","5":"has-post-thumbnail","7":"category-rennes","8":"tag-actu","9":"tag-actualites","10":"tag-bretagne","11":"tag-eu","12":"tag-europe","13":"tag-fr","14":"tag-france","15":"tag-ille-et-vilaine","16":"tag-news","17":"tag-rennes","18":"tag-republique-francaise"},"share_on_mastodon":{"url":"https:\/\/pubeurope.com\/@fr\/115431537597150979","error":""},"_links":{"self":[{"href":"https:\/\/www.europesays.com\/fr\/wp-json\/wp\/v2\/posts\/487757","targetHints":{"allow":["GET"]}}],"collection":[{"href":"https:\/\/www.europesays.com\/fr\/wp-json\/wp\/v2\/posts"}],"about":[{"href":"https:\/\/www.europesays.com\/fr\/wp-json\/wp\/v2\/types\/post"}],"author":[{"embeddable":true,"href":"https:\/\/www.europesays.com\/fr\/wp-json\/wp\/v2\/users\/2"}],"replies":[{"embeddable":true,"href":"https:\/\/www.europesays.com\/fr\/wp-json\/wp\/v2\/comments?post=487757"}],"version-history":[{"count":0,"href":"https:\/\/www.europesays.com\/fr\/wp-json\/wp\/v2\/posts\/487757\/revisions"}],"wp:featuredmedia":[{"embeddable":true,"href":"https:\/\/www.europesays.com\/fr\/wp-json\/wp\/v2\/media\/487758"}],"wp:attachment":[{"href":"https:\/\/www.europesays.com\/fr\/wp-json\/wp\/v2\/media?parent=487757"}],"wp:term":[{"taxonomy":"category","embeddable":true,"href":"https:\/\/www.europesays.com\/fr\/wp-json\/wp\/v2\/categories?post=487757"},{"taxonomy":"post_tag","embeddable":true,"href":"https:\/\/www.europesays.com\/fr\/wp-json\/wp\/v2\/tags?post=487757"}],"curies":[{"name":"wp","href":"https:\/\/api.w.org\/{rel}","templated":true}]}}