{"id":487766,"date":"2025-10-24T22:43:12","date_gmt":"2025-10-24T22:43:12","guid":{"rendered":"https:\/\/www.europesays.com\/fr\/487766\/"},"modified":"2025-10-24T22:43:12","modified_gmt":"2025-10-24T22:43:12","slug":"pres-500-foyers-prives-delectricite-a-cause-dune-panne-dans-deux-communes-de","status":"publish","type":"post","link":"https:\/\/www.europesays.com\/fr\/487766\/","title":{"rendered":"Pr\u00e8s 500\u00a0foyers priv\u00e9s d\u2019\u00e9lectricit\u00e9 \u00e0 cause d\u2019une panne dans deux communes de"},"content":{"rendered":"<p>Lundi 20\u00a0octobre apr\u00e8s-midi, une panne d\u2019\u00e9lectricit\u00e9 d\u2019origine encore ind\u00e9termin\u00e9e a touch\u00e9 le secteur de Boussay et G\u00e9tign\u00e9, dans le Vignoble nantais. Le dysfonctionnement, d\u2019une ampleur inhabituelle, a priv\u00e9 jusqu\u2019\u00e0 500\u00a0foyers de courant.<\/p>\n<p><strong>Lire aussi\u00a0:<\/strong> <a href=\"https:\/\/nantes.maville.com\/actu\/actudet_-boussay.-des-travaux-sur-le-reseau-d-eau-potable-_8-7031544_actu.Htm\" target=\"_blank\" rel=\"noopener\">Boussay. Des travaux sur le r\u00e9seau d\u2019eau potable<\/a><\/p>\n<p>Face \u00e0 la complexit\u00e9 de la situation, les \u00e9quipes d\u2019Enedis sont rapidement intervenues sur le terrain. Gr\u00e2ce \u00e0 l\u2019installation de groupes \u00e9lectrog\u00e8nes, l\u2019alimentation a pu \u00eatre r\u00e9tablie d\u00e8s le mardi pour la quasi-totalit\u00e9 des habitants. Seuls 25\u00a0logements restaient encore priv\u00e9s d\u2019\u00e9lectricit\u00e9 ce jeudi, le temps de s\u00e9curiser et de r\u00e9parer les installations.<\/p>\n<p>Des investigations pour identifier la cause exacte de la panne<\/p>\n<p>\u00ab\u00a0Des solutions d\u2019alimentation ponctuelles ont \u00e9t\u00e9 mises en place pour assurer le confort des habitants le temps de l\u2019intervention\u00a0\u00bb, a pr\u00e9cis\u00e9 la mairie de Boussay. Afin de venir en aide aux personnes concern\u00e9es, la Commune a \u00e9galement ouvert une salle de coworking pour permettre aux t\u00e9l\u00e9travailleurs de poursuivre leur activit\u00e9.<\/p>\n<p><strong>Lire aussi\u00a0:<\/strong> <a href=\"https:\/\/labaule.maville.com\/actu\/actudet_-de-nouvelles-voies-cyclables-pour-sillonner-le-vignoble-de-nantes-_8-6999961_actu.Htm\" target=\"_blank\" rel=\"noopener\">De nouvelles voies cyclables pour sillonner le vignoble de Nantes<\/a><\/p>\n<p>Jeudi, Enedis poursuivait ses investigations pour identifier la cause exacte de la panne. Selon un agent municipal contact\u00e9 ce jour-l\u00e0, le r\u00e9seau semblait en voie de r\u00e9tablissement complet, mais aucune information d\u00e9finitive n\u2019avait encore \u00e9t\u00e9 communiqu\u00e9e.<\/p>\n<p>\u00a0<\/p>\n","protected":false},"excerpt":{"rendered":"Lundi 20\u00a0octobre apr\u00e8s-midi, une panne d\u2019\u00e9lectricit\u00e9 d\u2019origine encore ind\u00e9termin\u00e9e a touch\u00e9 le secteur de Boussay et G\u00e9tign\u00e9, dans&hellip;\n","protected":false},"author":2,"featured_media":487767,"comment_status":"","ping_status":"","sticky":false,"template":"","format":"standard","meta":{"footnotes":""},"categories":[2818],"tags":[14971,1111,11,3738,1674,579,1777,674,36669,1011,27,3047,766,12,10899,2636,3762,24036,25],"class_list":{"0":"post-487766","1":"post","2":"type-post","3":"status-publish","4":"format-standard","5":"has-post-thumbnail","7":"category-nantes","8":"tag-14971","9":"tag-actu","10":"tag-actualites","11":"tag-cause","12":"tag-communes","13":"tag-electricite","14":"tag-eu","15":"tag-europe","16":"tag-foyers","17":"tag-fr","18":"tag-france","19":"tag-loire-atlantique","20":"tag-nantes","21":"tag-news","22":"tag-panne","23":"tag-pays-de-la-loire","24":"tag-pres","25":"tag-prives","26":"tag-republique-francaise"},"share_on_mastodon":{"url":"https:\/\/pubeurope.com\/@fr\/115431565209080849","error":""},"_links":{"self":[{"href":"https:\/\/www.europesays.com\/fr\/wp-json\/wp\/v2\/posts\/487766","targetHints":{"allow":["GET"]}}],"collection":[{"href":"https:\/\/www.europesays.com\/fr\/wp-json\/wp\/v2\/posts"}],"about":[{"href":"https:\/\/www.europesays.com\/fr\/wp-json\/wp\/v2\/types\/post"}],"author":[{"embeddable":true,"href":"https:\/\/www.europesays.com\/fr\/wp-json\/wp\/v2\/users\/2"}],"replies":[{"embeddable":true,"href":"https:\/\/www.europesays.com\/fr\/wp-json\/wp\/v2\/comments?post=487766"}],"version-history":[{"count":0,"href":"https:\/\/www.europesays.com\/fr\/wp-json\/wp\/v2\/posts\/487766\/revisions"}],"wp:featuredmedia":[{"embeddable":true,"href":"https:\/\/www.europesays.com\/fr\/wp-json\/wp\/v2\/media\/487767"}],"wp:attachment":[{"href":"https:\/\/www.europesays.com\/fr\/wp-json\/wp\/v2\/media?parent=487766"}],"wp:term":[{"taxonomy":"category","embeddable":true,"href":"https:\/\/www.europesays.com\/fr\/wp-json\/wp\/v2\/categories?post=487766"},{"taxonomy":"post_tag","embeddable":true,"href":"https:\/\/www.europesays.com\/fr\/wp-json\/wp\/v2\/tags?post=487766"}],"curies":[{"name":"wp","href":"https:\/\/api.w.org\/{rel}","templated":true}]}}