{"id":487768,"date":"2025-10-24T22:44:20","date_gmt":"2025-10-24T22:44:20","guid":{"rendered":"https:\/\/www.europesays.com\/fr\/487768\/"},"modified":"2025-10-24T22:44:20","modified_gmt":"2025-10-24T22:44:20","slug":"abline-fantastique-el-arabi-inepuisable-simon-cadenasse-les-tops-et-les-flops","status":"publish","type":"post","link":"https:\/\/www.europesays.com\/fr\/487768\/","title":{"rendered":"Abline fantastique, El Arabi in\u00e9puisable, Simon cadenass\u00e9&#8230; Les Tops et les Flops"},"content":{"rendered":"<p>\n    Un coup de g\u00e9nie de Matthis Abline et un but du v\u00e9t\u00e9ran El Arabi (38 ans) ont permis au FC Nantes de s\u2019imposer (1-2) face au Paris FC de l\u2019ancien Jaune et Vert Moses Simon.<\/p>\n<p class=\"fig-paragraph\"><strong>Tops\u00a0<\/strong><\/p>\n<p>Le coup de g\u00e9nie d\u2019Abline<\/p>\n<p class=\"fig-paragraph\">M\u00e9connaissable depuis le d\u00e9but de la saison, suite notamment \u00e0 son \u00e9t\u00e9 mouvement\u00e9, le Nantais<a href=\"http:\/\/www.lefigaro.fr\/sports\/football\/ligue-1\/ligue-1-contre-le-rc-strasbourg-alsace-matthis-abline-doit-saisir-sa-chance-20231006\" target=\"_blank\" data-fig-type=\"Article\" rel=\"sponsored noopener\" data-gtm-custom-categorie=\"navigation\" data-gtm-custom-action=\"crossclick\" data-gtm-custom-label=\"Contextuel\" data-gtm-event=\"customEventSPE\" data-fig-domain=\"LEFIGARO\">\u00a0Matthis Abline<\/a>\u00a0a laiss\u00e9 parler tout son talent ce vendredi face au PFC \u00e0 Jean-Bouin. Avant la mi-temps, l\u2019ancien Rennais est sorti de sa bo\u00eete pour inscrire son premier but de la saison avec les Canaris sur un v\u00e9ritable coup de g\u00e9nie (2-1, 38e).<\/p>\n<p>                                    <a class=\"fig-a11y-skip a11y-hidden\" href=\"#fig-a11y-skip-main-inarticle\"><br \/>\n        Passer la publicit\u00e9<br \/>\n    <\/a><\/p>\n<p class=\"fig-paragraph\">En un \u00absimple\u00bb encha\u00eenement contr\u00f4le puis frappe de l\u2019ext\u00e9rieur de la surface de r\u00e9paration parisienne, le Fran\u00e7ais a fait chavirer le peuple nantais et offre les trois points \u00e0 son \u00e9quipe qui ne s\u2019\u00e9tait plus impos\u00e9e depuis le 30 ao\u00fbt (1-0 contre Auxerre). Un but qui intervient face au&#8230;<a href=\"http:\/\/www.lefigaro.fr\/sports\/football\/ligue-1\/ligue-1-le-paris-fc-tombe-face-a-nantes-qui-respire-un-grand-coup-20251024\" target=\"_blank\" data-fig-type=\"NewsFlash\" rel=\"sponsored noopener\" data-gtm-custom-categorie=\"navigation\" data-gtm-custom-action=\"crossclick\" data-gtm-custom-label=\"Contextuel\" data-gtm-event=\"customEventSPE\" data-fig-domain=\"LEFIGARO\">\u00a0Paris FC<\/a>, l\u2019\u00e9quipe qui justement cherchait \u00e0 s\u2019attacher ses services au mercato. Avec cette r\u00e9alisation, Il lance d\u00e9finitivement sa saison 2025-2026 en\u00a0<a href=\"http:\/\/www.lefigaro.fr\/sports\/football\/ligue-1\/ligue-1-l-om-doit-repartir-et-se-rappeler-les-choses-bien-faites-clame-de-zerbi-avant-de-defier-lens-20251024\" target=\"_blank\" data-fig-type=\"NewsFlash\" rel=\"sponsored noopener\" data-gtm-custom-categorie=\"navigation\" data-gtm-custom-action=\"crossclick\" data-gtm-custom-label=\"Contextuel\" data-gtm-event=\"customEventSPE\" data-fig-domain=\"LEFIGARO\">Ligue 1<\/a>\u00a0!<\/p>\n<p>Le but express du v\u00e9t\u00e9ran El Arabi<\/p>\n<p class=\"fig-paragraph\">Titularis\u00e9 pour la premi\u00e8re fois de la saison \u00e0 la place de l\u2019international \u00e9gyptien\u00a0<a href=\"http:\/\/www.lefigaro.fr\/sports\/football\/ligue-1\/ligue-1-si-antoine-kombouare-restait-je-partais-l-attaquant-du-fc-nantes-mostafa-mohamed-tacle-son-ancien-entraineur-20250926\" target=\"_blank\" data-fig-type=\"NewsFlash\" rel=\"sponsored noopener\" data-gtm-custom-categorie=\"navigation\" data-gtm-custom-action=\"crossclick\" data-gtm-custom-label=\"Contextuel\" data-gtm-event=\"customEventSPE\" data-fig-domain=\"LEFIGARO\">Mostafa Mohamed<\/a>, le v\u00e9t\u00e9ran (38 ans) a donn\u00e9 raison \u00e0<a href=\"http:\/\/www.lefigaro.fr\/sports\/football\/ligue-1\/ligue-1-l-entraineur-de-nantes-luis-castro-gravement-touche-au-genou-20250905\" target=\"_blank\" data-fig-type=\"NewsFlash\" rel=\"sponsored noopener\" data-gtm-custom-categorie=\"navigation\" data-gtm-custom-action=\"crossclick\" data-gtm-custom-label=\"Contextuel\" data-gtm-event=\"customEventSPE\" data-fig-domain=\"LEFIGARO\">\u00a0Luis Castro<\/a>\u00a0d\u00e8s son premier ballon touch\u00e9. Apr\u00e8s un beau mouvement initi\u00e9 par Louis Leroux, \u00e9galement passeur d\u00e9cisif dans l\u2019action,<a href=\"http:\/\/www.lefigaro.fr\/sports\/football\/transferts\/mercato-le-fc-nantes-sur-le-point-d-accueillir-youssef-el-arabi-20250715\" target=\"_blank\" data-fig-type=\"NewsFlash\" rel=\"sponsored noopener\" data-gtm-custom-categorie=\"navigation\" data-gtm-custom-action=\"crossclick\" data-gtm-custom-label=\"Contextuel\" data-gtm-event=\"customEventSPE\" data-fig-domain=\"LEFIGARO\">\u00a0Youssef El Arabi<\/a>\u00a0s\u2019est mis face au but parisien et a enclench\u00e9 une frappe puissante qui a atterri dans le petit filet de Nkambadio et a climatis\u00e9 Jean-Bouin par le m\u00eame coup (2e).<\/p>\n<p>L\u2019entame de match compl\u00e8tement folle<\/p>\n<p class=\"fig-paragraph\">Les spectateurs pr\u00e9sents \u00e0 Jean-Bouin ont pu se r\u00e9galer en d\u00e9but de match. Outre la r\u00e9alisation d\u2019entr\u00e9e de Youssef El Arabi (2e), les Parisiens ont \u00e9galement enflamm\u00e9 le premier quart d\u2019heure du match. Dans la foul\u00e9e de l\u2019ouverture du score nantaise, les locaux pensaient avoir \u00e9galis\u00e9 par l\u2019interm\u00e9diaire de Jean-Philippe Krasso (3e)&#8230; Finalement, le buteur du PFC \u00e9tait hors-jeu de quelques centim\u00e8tres. Apr\u00e8s une premi\u00e8re frappe cadr\u00e9e de\u00a0<a href=\"http:\/\/www.lefigaro.fr\/sports\/football\/ligue-1\/ligue-1-si-je-suis-siffle-pierre-lees-melou-deja-de-retour-a-brest-sous-ses-nouvelles-couleurs-du-paris-fc-20250913\" target=\"_blank\" data-fig-type=\"NewsFlash\" rel=\"sponsored noopener\" data-gtm-custom-categorie=\"navigation\" data-gtm-custom-action=\"crossclick\" data-gtm-custom-label=\"Contextuel\" data-gtm-event=\"customEventSPE\" data-fig-domain=\"LEFIGARO\">Lees-Melou<\/a>\u00a0(8e), l\u2019ancien Brestois s\u2019est retrouv\u00e9 passeur d\u00e9cisif, car sa tentative est d\u00e9vi\u00e9e par son co\u00e9quipier Samir Chergui qui a sign\u00e9 son premier but en Ligue 1 (15e).<\/p>\n<p class=\"fig-paragraph\"><strong>Flops\u00a0<\/strong><\/p>\n<p>Retrouvailles manqu\u00e9es pour Moses Simon<\/p>\n<p class=\"fig-paragraph\">L\u2019ancien Nantais (201 matches entre 2019 et 2025) n\u2019aura pas \u00e9t\u00e9 en r\u00e9ussite face \u00e0 ses anciens partenaires. S\u2019il a tent\u00e9 de se mettre en route comme bien souvent par le dribble,\u00a0<a href=\"http:\/\/www.lefigaro.fr\/sports\/football\/transferts\/mercato-apres-moses-simons-le-paris-fc-proche-d-un-nouveau-gros-coup-en-ligue-1-20250706\" target=\"_blank\" data-fig-type=\"NewsFlash\" rel=\"sponsored noopener\" data-gtm-custom-categorie=\"navigation\" data-gtm-custom-action=\"crossclick\" data-gtm-custom-label=\"Contextuel\" data-gtm-event=\"customEventSPE\" data-fig-domain=\"LEFIGARO\">l\u2019international nig\u00e9rien<\/a>\u00a0(85 s\u00e9lections) a \u00e9t\u00e9 cadenass\u00e9 par la d\u00e9fense des Jaune et Vert qui connaissait parfaitement son profil. L\u2019ailier a donc essay\u00e9 de se d\u00e9faire du marquage en jouant de sa vitesse dans le dos des Canaris, l\u00e0 aussi sans succ\u00e8s&#8230; Il a perdu son duel face \u00e0 Kelvin Amian et a \u00e9t\u00e9 remplac\u00e9 par Dicko en fin de match (86e).<\/p>\n<p>                                    <a class=\"fig-a11y-skip a11y-hidden\" href=\"#fig-a11y-skip-main-inarticle_mtf\"><br \/>\n        Passer la publicit\u00e9<br \/>\n    <\/a><\/p>\n<p>Kwon a manqu\u00e9 de sang-froid<\/p>\n<p class=\"fig-paragraph\">En seulement quelques instants, le nouveau milieu de terrain du\u00a0<a href=\"http:\/\/www.lefigaro.fr\/sports\/football\/ligue-1\/ligue-1-le-paris-fc-tombe-face-a-nantes-qui-respire-un-grand-coup-20251024\" target=\"_blank\" data-fig-type=\"NewsFlash\" rel=\"sponsored noopener\" data-gtm-custom-categorie=\"navigation\" data-gtm-custom-action=\"crossclick\" data-gtm-custom-label=\"Contextuel\" data-gtm-event=\"customEventSPE\" data-fig-domain=\"LEFIGARO\">FC Nantes\u00a0<\/a>a failli tout faire basculer du mauvais c\u00f4t\u00e9. Tr\u00e8s discret en premi\u00e8re mi-temps, le Sud-Cor\u00e9en a re\u00e7u un carton jaune amplement justifi\u00e9 pour un tacle mal ma\u00eetris\u00e9 sur Otavio avant de provoquer une petite \u00e9chauffour\u00e9e avec\u00a0<a href=\"http:\/\/www.lefigaro.fr\/sports\/football\/ligue-1\/ligue-1-dans-le-football-il-faut-etre-un-minimum-mechant-estime-maxime-lopez-20251018\" target=\"_blank\" data-fig-type=\"NewsFlash\" rel=\"sponsored noopener\" data-gtm-custom-categorie=\"navigation\" data-gtm-custom-action=\"crossclick\" data-gtm-custom-label=\"Contextuel\" data-gtm-event=\"customEventSPE\" data-fig-domain=\"LEFIGARO\">Maxime Lopez<\/a>\u00a0(\u00e9galement averti). Deux minutes plus tard, le Nantais a subi le pressing de l\u2019ancien marseillais et a perdu le ballon juste devant sa surface. heureusement pour lui, la frappe de\u00a0<a href=\"http:\/\/www.lefigaro.fr\/sports\/football\/ligue-1\/krasso-et-kebbal-brillent-enfin-un-clean-sheet-la-defense-lorientaise-inquiete-les-tops-et-flops-apres-paris-fc-lorient-20251003\" target=\"_blank\" data-fig-type=\"NewsFlash\" rel=\"sponsored noopener\" data-gtm-custom-categorie=\"navigation\" data-gtm-custom-action=\"crossclick\" data-gtm-custom-label=\"Contextuel\" data-gtm-event=\"customEventSPE\" data-fig-domain=\"LEFIGARO\">Kebbal<\/a>\u00a0passe au-dessus du but d\u2019Anthony Lopes. Frustr\u00e9 de sa perte de balle, Kwon, d\u00e9j\u00e0 sous le coup d\u2019un avertissement, se prend ensuite dans un nouveau jeu dangereux en allant au contact de Kebbal. Luis Castro n\u2019a pris aucun risque et a directement sorti le Sud-Cor\u00e9en (70e).<\/p>\n","protected":false},"excerpt":{"rendered":"Un coup de g\u00e9nie de Matthis Abline et un but du v\u00e9t\u00e9ran El Arabi (38 ans) ont permis&hellip;\n","protected":false},"author":2,"featured_media":487769,"comment_status":"","ping_status":"","sticky":false,"template":"","format":"standard","meta":{"footnotes":""},"categories":[2818],"tags":[1111,11,1777,674,462,1011,27,25406,766,12,445,2636,25],"class_list":{"0":"post-487768","1":"post","2":"type-post","3":"status-publish","4":"format-standard","5":"has-post-thumbnail","7":"category-nantes","8":"tag-actu","9":"tag-actualites","10":"tag-eu","11":"tag-europe","12":"tag-fc-nantes","13":"tag-fr","14":"tag-france","15":"tag-maxime-lopez","16":"tag-nantes","17":"tag-news","18":"tag-paris-fc","19":"tag-pays-de-la-loire","20":"tag-republique-francaise"},"share_on_mastodon":{"url":"https:\/\/pubeurope.com\/@fr\/115431569153327562","error":""},"_links":{"self":[{"href":"https:\/\/www.europesays.com\/fr\/wp-json\/wp\/v2\/posts\/487768","targetHints":{"allow":["GET"]}}],"collection":[{"href":"https:\/\/www.europesays.com\/fr\/wp-json\/wp\/v2\/posts"}],"about":[{"href":"https:\/\/www.europesays.com\/fr\/wp-json\/wp\/v2\/types\/post"}],"author":[{"embeddable":true,"href":"https:\/\/www.europesays.com\/fr\/wp-json\/wp\/v2\/users\/2"}],"replies":[{"embeddable":true,"href":"https:\/\/www.europesays.com\/fr\/wp-json\/wp\/v2\/comments?post=487768"}],"version-history":[{"count":0,"href":"https:\/\/www.europesays.com\/fr\/wp-json\/wp\/v2\/posts\/487768\/revisions"}],"wp:featuredmedia":[{"embeddable":true,"href":"https:\/\/www.europesays.com\/fr\/wp-json\/wp\/v2\/media\/487769"}],"wp:attachment":[{"href":"https:\/\/www.europesays.com\/fr\/wp-json\/wp\/v2\/media?parent=487768"}],"wp:term":[{"taxonomy":"category","embeddable":true,"href":"https:\/\/www.europesays.com\/fr\/wp-json\/wp\/v2\/categories?post=487768"},{"taxonomy":"post_tag","embeddable":true,"href":"https:\/\/www.europesays.com\/fr\/wp-json\/wp\/v2\/tags?post=487768"}],"curies":[{"name":"wp","href":"https:\/\/api.w.org\/{rel}","templated":true}]}}