{"id":487781,"date":"2025-10-24T22:52:12","date_gmt":"2025-10-24T22:52:12","guid":{"rendered":"https:\/\/www.europesays.com\/fr\/487781\/"},"modified":"2025-10-24T22:52:12","modified_gmt":"2025-10-24T22:52:12","slug":"marseille-previsions-meteo-du-vendredi-24-octobre-2025","status":"publish","type":"post","link":"https:\/\/www.europesays.com\/fr\/487781\/","title":{"rendered":"Marseille : pr\u00e9visions m\u00e9t\u00e9o du vendredi 24 octobre 2025"},"content":{"rendered":"<p>\u00c0 Marseille, le vendredi 24 octobre 2025, la journ\u00e9e d\u00e9bute sous un ciel d\u00e9gag\u00e9 avec un vent mod\u00e9r\u00e9. En fin d\u2019apr\u00e8s-midi, le ciel se voile pour devenir tr\u00e8s nuageux, sans risque de pluie.<\/p>\n<p>    Ce matin \u00e0 Marseille : grand bleu d\u00e8s l\u2019aube<\/p>\n<p>Le soleil s\u2019est lev\u00e9 \u00e0 08 h 03 sur la cit\u00e9 phoc\u00e9enne. \u00c0 09 h, le ciel est <b>d\u00e9gag\u00e9<\/b> et la temp\u00e9rature atteint d\u00e9j\u00e0 <b>14 \u00b0C<\/b>, ressentie \u00e0 12 \u00b0C sous une humidit\u00e9 de 67 %. Aucune pluie en perspective.<\/p>\n<p>Le mistral, venu du nord-ouest, souffle \u00e0 17 km\/h. Les rafales restent mod\u00e9r\u00e9es et ne d\u00e9passent pas 35 km\/h, rien de g\u00eanant pour vos d\u00e9placements matinaux ou vos travers\u00e9es en bateau vers les \u00eeles du Frioul.<\/p>\n<p>Apr\u00e8s-midi : douceur et mistral plus nerveux<\/p>\n<p>\u00c0 l\u2019heure du d\u00e9jeuner, le mercure grimpe \u00e0 <b>18 \u00b0C<\/b>, ressenti \u00e0 15 \u00b0C gr\u00e2ce \u00e0 l\u2019air sec (47 % d\u2019humidit\u00e9). Aucun nuage mena\u00e7ant \u00e0 l\u2019horizon : l\u2019indice UV demeure mod\u00e9r\u00e9, pr\u00e9voyez la cr\u00e8me solaire pour les terrasses.<\/p>\n<p>Le vent de nord-ouest se renforce autour de 19 km\/h, avec des <b>rafales atteignant 41 km\/h<\/b> possibles sur le littoral. Il est conseill\u00e9 d\u2019arrimer parasols et stores ; les conditions restent n\u00e9anmoins id\u00e9ales pour les amateurs de voile.<\/p>\n<p>Soir\u00e9e : couverture nuageuse, mais ambiance cl\u00e9mente<\/p>\n<p>Apr\u00e8s le coucher du soleil, pr\u00e9vu \u00e0 18 h 41, la n\u00e9bulosit\u00e9 s\u2019intensifie. \u00c0 21 h, le ciel devient tr\u00e8s nuageux mais reste sec. Le thermom\u00e8tre affiche <b>17 \u00b0C<\/b>, ressenti \u00e0 15 \u00b0C, parfait pour un d\u00eener sur le Vieux-Port.<\/p>\n<p>Le vent faiblit autour de 12 km\/h. Les rafales tombent sous 35 km\/h, rendant la promenade en bord de mer agr\u00e9able malgr\u00e9 une l\u00e9g\u00e8re fra\u00eecheur. Aucun risque de pluie pour vos sorties culturelles ou sportives.<\/p>\n<p>Tendance g\u00e9n\u00e9rale : bilan de la journ\u00e9e<\/p>\n<p>Tout au long de ce jeudi 24 octobre 2025, les temp\u00e9ratures oscillent entre <b>14 \u00b0C<\/b> et <b>18 \u00b0C<\/b>. La pression reste stable \u00e0 1 014 hPa, garantissant un temps calme.<\/p>\n<ul>\n<li>Ciel dominant : <b>tr\u00e8s nuageux<\/b> en fin de journ\u00e9e.<\/li>\n<li>Pluie : 0 mm, probabilit\u00e9 nulle.<\/li>\n<li>Vent moyen : 27 km\/h, pointe maximale observ\u00e9e <b>54 km\/h<\/b> en milieu d\u2019apr\u00e8s-midi sur les hauteurs.<\/li>\n<\/ul>\n<p>Ces valeurs s\u2019inscrivent largement dans les normales de saison. Le contexte climatique r\u00e9gional, marqu\u00e9 par un d\u00e9ficit de pr\u00e9cipitations automnales, ne change pas aujourd\u2019hui et entretient la s\u00e9cheresse superficielle des sols.<\/p>\n<p>Demain vendredi : couverture nuageuse persistante<\/p>\n<p>Dans la nuit de jeudi \u00e0 vendredi, le ciel restera tr\u00e8s nuageux et la temp\u00e9rature ne descendra pas sous <b>14 \u00b0C<\/b>. \u00c0 l\u2019aube, la m\u00eame masse d\u2019air douce et un mistral mod\u00e9r\u00e9 seront au rendez-vous.<\/p>\n<p>La journ\u00e9e du 25 octobre s\u2019annonce grise : <b>14 \u00b0C \u2013 19 \u00b0C<\/b> sous un voile \u00e9pais. Le vent restera g\u00e9n\u00e9ralement inf\u00e9rieur \u00e0 20 km\/h, avec quelques pointes \u00e0 34 km\/h. Le risque de pluie demeure faible (9 %).<\/p>\n<p>Aucune perturbation majeure n\u2019est attendue pour les transports ou les activit\u00e9s ext\u00e9rieures, mais la lumi\u00e8re restera att\u00e9nu\u00e9e : pensez \u00e0 adapter vos horaires de prises de vue.<\/p>\n<p>Pour des pr\u00e9visions plus d\u00e9taill\u00e9es sur 15 jours et bien pr\u00e9parer vos escapades d\u2019automne, consultez <a href=\"https:\/\/www.meteocity.com\/france\/marseille-v2995469\/meteo-15-jours\" target=\"_blank\" rel=\"noopener\">notre page d\u00e9di\u00e9e<\/a>.<\/p>\n","protected":false},"excerpt":{"rendered":"\u00c0 Marseille, le vendredi 24 octobre 2025, la journ\u00e9e d\u00e9bute sous un ciel d\u00e9gag\u00e9 avec un vent mod\u00e9r\u00e9.&hellip;\n","protected":false},"author":2,"featured_media":487782,"comment_status":"","ping_status":"","sticky":false,"template":"","format":"standard","meta":{"footnotes":""},"categories":[2814],"tags":[1111,11,1777,674,1011,27,884,12,882,25],"class_list":{"0":"post-487781","1":"post","2":"type-post","3":"status-publish","4":"format-standard","5":"has-post-thumbnail","7":"category-marseille","8":"tag-actu","9":"tag-actualites","10":"tag-eu","11":"tag-europe","12":"tag-fr","13":"tag-france","14":"tag-marseille","15":"tag-news","16":"tag-provence-alpes-cote-dazur","17":"tag-republique-francaise"},"share_on_mastodon":{"url":"https:\/\/pubeurope.com\/@fr\/115431600548278209","error":""},"_links":{"self":[{"href":"https:\/\/www.europesays.com\/fr\/wp-json\/wp\/v2\/posts\/487781","targetHints":{"allow":["GET"]}}],"collection":[{"href":"https:\/\/www.europesays.com\/fr\/wp-json\/wp\/v2\/posts"}],"about":[{"href":"https:\/\/www.europesays.com\/fr\/wp-json\/wp\/v2\/types\/post"}],"author":[{"embeddable":true,"href":"https:\/\/www.europesays.com\/fr\/wp-json\/wp\/v2\/users\/2"}],"replies":[{"embeddable":true,"href":"https:\/\/www.europesays.com\/fr\/wp-json\/wp\/v2\/comments?post=487781"}],"version-history":[{"count":0,"href":"https:\/\/www.europesays.com\/fr\/wp-json\/wp\/v2\/posts\/487781\/revisions"}],"wp:featuredmedia":[{"embeddable":true,"href":"https:\/\/www.europesays.com\/fr\/wp-json\/wp\/v2\/media\/487782"}],"wp:attachment":[{"href":"https:\/\/www.europesays.com\/fr\/wp-json\/wp\/v2\/media?parent=487781"}],"wp:term":[{"taxonomy":"category","embeddable":true,"href":"https:\/\/www.europesays.com\/fr\/wp-json\/wp\/v2\/categories?post=487781"},{"taxonomy":"post_tag","embeddable":true,"href":"https:\/\/www.europesays.com\/fr\/wp-json\/wp\/v2\/tags?post=487781"}],"curies":[{"name":"wp","href":"https:\/\/api.w.org\/{rel}","templated":true}]}}