{"id":487819,"date":"2025-10-24T23:14:13","date_gmt":"2025-10-24T23:14:13","guid":{"rendered":"https:\/\/www.europesays.com\/fr\/487819\/"},"modified":"2025-10-24T23:14:13","modified_gmt":"2025-10-24T23:14:13","slug":"bien-lance-au-2e-tour-contre-medvedev-moutet-sincline-contre-musetti-en-quarts-de-finale-a-vienne-lequipe","status":"publish","type":"post","link":"https:\/\/www.europesays.com\/fr\/487819\/","title":{"rendered":"Bien lanc\u00e9 au 2e tour contre Medvedev, Moutet s&#039;incline contre Musetti en quarts de finale \u00e0 Vienne &#8211; L&#039;\u00c9quipe"},"content":{"rendered":"<ol>\n<li><a href=\"https:\/\/news.google.com\/rss\/articles\/CBMi0gFBVV95cUxOMjFRbmRlbEE4U2s4czJsYTBPRWlEMXd3czNUUlcwTXd4LTh1djhsSTQxVEhJQk1KRi1BVGRHbU4yZXI1cXd4NXlfRlNiYjZaMzN1SHRzbGFURXd0RmN5b01EVU4tallMZUMySnUzRnZmVWpzQlQ0OGJzNVlWaTYtR1VMb2NIZlZfMU5MRGR0d3ozeXJrRjlSa0trMHV1LVR5TXI5VFhqNW1kUjNtNVptMUM1X0JWYnpaN2Z1ZnFNbkdTc2hjWTVwWGZ5WjN4aTFIQ3c?oc=5\" target=\"_blank\" rel=\"nofollow noopener\">Bien lanc\u00e9 au 2e tour contre Medvedev, Moutet s&rsquo;incline contre Musetti en quarts de finale \u00e0 Vienne<\/a>&nbsp;&nbsp;L&rsquo;\u00c9quipe<\/li>\n<li><a href=\"https:\/\/news.google.com\/rss\/articles\/CBMiqwFBVV95cUxPdWJUdnJOeEVWVkVLVWVmelhMTFNPZlV3X3NSeVZ4WkQ4X0xrLVhVaEpmMFhlcERIM1lrdXY0eERXemVvTm50VEVmcmxjd0ttSVZtS013TVF6Z1pGbmZtOUtUYUxLMWpHZTEtZUN5M1FhVUxYZGhfSFYtQnlxNGJYSmFPU1p4OGVuY0YxWGdvbldvRmsyMGU3alB5TURxSkFsUXlBZ0lKbWFTcFHSAaoBQVVfeXFMTVl4bUVyemFMZHZlXzA0TzE5Z0Z2a0FUajN4WC1jTmNyc3E5Mmh1N3RMZVN3X01NWGlhcWV4Q1pQZXlKcnduNDFwWGxWTlVJSWhJR2x0SG5CaDlBSjl2TVpDMklNdmI3VWpaZ2R3Tllpc2JfdXEycHFqa2Z3NGgta0Z2aTJDOWgzVnhsV2NuakRsWFBFQ1JHZUg0MnRxVGZabjg0X3k1eW9OMmc?oc=5\" target=\"_blank\" rel=\"nofollow noopener\">ATP &#8211; Vienne : Pas de dernier carr\u00e9 pour Moutet : Sports &#8211; Orange<\/a>&nbsp;&nbsp;Sports &#8211; Orange<\/li>\n<li><a href=\"https:\/\/news.google.com\/rss\/articles\/CBMiywFBVV95cUxNODViOEtxc0VBVDg3RUozcnZCMmctaGQtdnlJdXhuU0EweEhnYTF4eFhoVTFUZEUzaHBUWXYtbFh1Q1A3UHZ5R2pRUEJzc2o4Q3Q3UzN3eGFMMFZmcjQ4TEhUcUxuanREc0R6Z0w5aWYzX3JzaDNMb2hYaGtTYWpQX0U2N2NLNTZEVWxzZVZCSDIxWF9TQnBHcFYxb3p1WDdxRFJtOFVVdG5VNzZ3UVNmU2FpMHd2cWhuS2M1TXhJdFNlYkJiTTFMRWNqNA?oc=5\" target=\"_blank\" rel=\"nofollow noopener\">Tennis : Moutet domin\u00e9 par Musetti, les cadors au rendez-vous des demi-finales \u00e0 Vienne<\/a>&nbsp;&nbsp;Le Figaro<\/li>\n<li><a href=\"https:\/\/news.google.com\/rss\/articles\/CBMiqAFBVV95cUxNNXFLREhkNjNzU3htbFFfSGxybkdoSnhhU1J1QjFOTHd1bjJmemtWZVNja1BYVHpjd2JaRWxMMGxVUFBoLWNHc3UtY05mb0JscDYwcDFHTXBXNVZuMzN4RkhVejVLRllRS29EMHJPZTg5c1Y0Tk9hVklMMGlJOERrcXI1RFFNR3dJOTcwZTRrV2xLQTlmdzJpdkUzZkFzRjBDdGNsV3dTY1A?oc=5\" target=\"_blank\" rel=\"nofollow noopener\">Tennis : Corentin Moutet prend sa revanche sur Medvedev \u00e0 Vienne<\/a>&nbsp;&nbsp;Sud Ouest<\/li>\n<li><a href=\"https:\/\/news.google.com\/rss\/articles\/CBMihwJBVV95cUxOc3FlSWd0NmpqREM1YUVzSVJ4YU9xdWxkQ3Q2U2JSYXB0Wk4zRWJCUXZfaWhVckJXVU9zaVJvYnE1WXNVckpOcFVFNjRBbUo0Q1BBb3p4aU8xOXlJeEdLZkpMaWNhVGJEdXJ4QU5lU2REcnhMRmJ6VXRJN0NIUGhoM2R5TkV5d3VsTklSb09iZy1JTXpMN1ZTbGpRWmVEMzh6U2ljVVJVQTYxTmN6cGpFa09DRGVyRHZBVmt4enoxd3BVdmY2OHV4c0NyTjNBLUc1MlpqeGdaMDRDMzRXWnpGYS1uRFNLUXZSRER3SVNLM1F4TEtKSzZRaHBjS3hVQWVZR0JSdkRUTQ?oc=5\" target=\"_blank\" rel=\"nofollow noopener\">ATP 500 de Vienne. Corentin Moutet prend sa revanche sur Daniil Medvedev et file en quart de finale<\/a>&nbsp;&nbsp;Ouest-France<\/li>\n<\/ol>\n","protected":false},"excerpt":{"rendered":"Bien lanc\u00e9 au 2e tour contre Medvedev, Moutet s&rsquo;incline contre Musetti en quarts de finale \u00e0 Vienne&nbsp;&nbsp;L&rsquo;\u00c9quipe ATP&hellip;\n","protected":false},"author":2,"featured_media":487820,"comment_status":"","ping_status":"","sticky":false,"template":"","format":"standard","meta":{"footnotes":""},"categories":[1415],"tags":[1011,27,60,1467],"class_list":{"0":"post-487819","1":"post","2":"type-post","3":"status-publish","4":"format-standard","5":"has-post-thumbnail","7":"category-tennis","8":"tag-fr","9":"tag-france","10":"tag-sports","11":"tag-tennis"},"share_on_mastodon":{"url":"https:\/\/pubeurope.com\/@fr\/115431686917076784","error":""},"_links":{"self":[{"href":"https:\/\/www.europesays.com\/fr\/wp-json\/wp\/v2\/posts\/487819","targetHints":{"allow":["GET"]}}],"collection":[{"href":"https:\/\/www.europesays.com\/fr\/wp-json\/wp\/v2\/posts"}],"about":[{"href":"https:\/\/www.europesays.com\/fr\/wp-json\/wp\/v2\/types\/post"}],"author":[{"embeddable":true,"href":"https:\/\/www.europesays.com\/fr\/wp-json\/wp\/v2\/users\/2"}],"replies":[{"embeddable":true,"href":"https:\/\/www.europesays.com\/fr\/wp-json\/wp\/v2\/comments?post=487819"}],"version-history":[{"count":0,"href":"https:\/\/www.europesays.com\/fr\/wp-json\/wp\/v2\/posts\/487819\/revisions"}],"wp:featuredmedia":[{"embeddable":true,"href":"https:\/\/www.europesays.com\/fr\/wp-json\/wp\/v2\/media\/487820"}],"wp:attachment":[{"href":"https:\/\/www.europesays.com\/fr\/wp-json\/wp\/v2\/media?parent=487819"}],"wp:term":[{"taxonomy":"category","embeddable":true,"href":"https:\/\/www.europesays.com\/fr\/wp-json\/wp\/v2\/categories?post=487819"},{"taxonomy":"post_tag","embeddable":true,"href":"https:\/\/www.europesays.com\/fr\/wp-json\/wp\/v2\/tags?post=487819"}],"curies":[{"name":"wp","href":"https:\/\/api.w.org\/{rel}","templated":true}]}}