{"id":487823,"date":"2025-10-24T23:19:16","date_gmt":"2025-10-24T23:19:16","guid":{"rendered":"https:\/\/www.europesays.com\/fr\/487823\/"},"modified":"2025-10-24T23:19:16","modified_gmt":"2025-10-24T23:19:16","slug":"dembele-ballon-dor-brest-reclame-sa-part","status":"publish","type":"post","link":"https:\/\/www.europesays.com\/fr\/487823\/","title":{"rendered":"Demb\u00e9l\u00e9 Ballon d\u2019Or, Brest r\u00e9clame sa part"},"content":{"rendered":"<p><b>Avant la r\u00e9ception du Paris Saint-Germain samedi, Eric Roy a rendu hommage \u00e0 Ousmane Demb\u00e9l\u00e9. L\u2019entra\u00eeneur du Stade Brestois a f\u00e9licit\u00e9 l\u2019attaquant parisien \u00e9lu Ballon d\u2019Or, notamment gr\u00e2ce \u00e0 ses performances contre les Pirates.<\/b><\/p>\n<p>Buteur d\u00e8s son retour \u00e0 la comp\u00e9tition mardi, c\u2019\u00e9tait contre le Bayer Leverkusen (7-2) en Ligue des Champions, Ousmane Demb\u00e9l\u00e9 pourrait d\u00e9buter le match de Ligue 1 \u00e0 <a href=\"https:\/\/www.foot01.com\/equipe\/brest\/\" target=\"_blank\" rel=\"nofollow noopener\">Brest <\/a>samedi. Ce n\u2019est pas une bonne nouvelle pour les hommes d\u2019Eric Roy qui avaient conc\u00e9d\u00e9 sept buts (cinq en L1 et deux en C1) de l\u2019attaquant parisien la saison derni\u00e8re. L\u2019entra\u00eeneur brestois s\u2019en souvient bien et s\u2019estime en partie artisan du Ballon d\u2019Or remport\u00e9 par l\u2019international tricolore.<\/p>\n<p>\u00ab Je suis tr\u00e8s heureux pour lui parce que c\u2019est un bon gar\u00e7on, un super joueur de foot, a encens\u00e9 Eric Roy. Et ce qui me fait plaisir aussi, c\u2019est qu\u2019il a \u00e9t\u00e9 r\u00e9compens\u00e9 du fait des r\u00e9sultats avec le PSG et cette victoire en Ligue des Champions, mais il a aussi tir\u00e9 profit de ses stats individuelles. On l\u2019a pas mal aid\u00e9 l\u00e0-dessus parce que je crois qu\u2019il en a marqu\u00e9 beaucoup contre nous. Donc on a un petit morceau de ce Ballon d\u2019Or. Ce qui a \u00e9t\u00e9 assez exceptionnel, c\u2019est son \u00e9volution. Lors des six premiers mois de la saison derni\u00e8re, on le stigmatisait pas mal, notamment sur le fait qu\u2019il pouvait \u00eatre un peu maladroit devant le but. Et sur la deuxi\u00e8me partie de la saison, on l\u2019a vu, avec son replacement dans l\u2019axe, devenir un v\u00e9ritable \u00ab\u00a0serial\u00a0\u00bb buteur. \u00bb<\/p>\n<p><img decoding=\"async\" class=\"w-6 h-6\" src=\"https:\/\/www.europesays.com\/fr\/wp-content\/uploads\/2025\/09\/301.png\" alt=\"\"\/>Ligue 125 octobre 2025 \u00e0 17:00<\/p>\n<p>\u00ab Mais ce qui me pla\u00eet surtout, c\u2019est qu\u2019il a \u00e9t\u00e9 aussi r\u00e9compens\u00e9 sur sa capacit\u00e9 \u00e0 travailler pour l\u2019\u00e9quipe, les attitudes qu\u2019il avait quand il \u00e9tait aux 18 m\u00e8tres adverses, d\u2019\u00eatre comme un sprinter dans les starting-blocks, pr\u00eat \u00e0 surgir, \u00e0 aller presser le gardien adverse, le d\u00e9fenseur central. Et \u00e7a me fait plaisir d\u2019avoir vu un gar\u00e7on r\u00e9compens\u00e9 pour les r\u00e9sultats collectifs de son \u00e9quipe, pour ses performances individuelles, mais aussi pour tout son travail d\u00e9fensif. C\u2019est la preuve qu\u2019il est devenu un joueur complet et qu\u2019il sait tout faire aujourd\u2019hui. Donc, bravo \u00e0 lui et puis bravo, bien s\u00fbr, \u00e0 ceux qui l\u2019entra\u00eenent \u00bb, a conclu l&rsquo;ancien milieu sans rancune.<\/p>\n","protected":false},"excerpt":{"rendered":"Avant la r\u00e9ception du Paris Saint-Germain samedi, Eric Roy a rendu hommage \u00e0 Ousmane Demb\u00e9l\u00e9. L\u2019entra\u00eeneur du Stade&hellip;\n","protected":false},"author":2,"featured_media":487824,"comment_status":"","ping_status":"","sticky":false,"template":"","format":"standard","meta":{"footnotes":""},"categories":[1410],"tags":[63,1011,27,60],"class_list":{"0":"post-487823","1":"post","2":"type-post","3":"status-publish","4":"format-standard","5":"has-post-thumbnail","7":"category-football","8":"tag-football","9":"tag-fr","10":"tag-france","11":"tag-sports"},"share_on_mastodon":{"url":"https:\/\/pubeurope.com\/@fr\/115431707396389749","error":""},"_links":{"self":[{"href":"https:\/\/www.europesays.com\/fr\/wp-json\/wp\/v2\/posts\/487823","targetHints":{"allow":["GET"]}}],"collection":[{"href":"https:\/\/www.europesays.com\/fr\/wp-json\/wp\/v2\/posts"}],"about":[{"href":"https:\/\/www.europesays.com\/fr\/wp-json\/wp\/v2\/types\/post"}],"author":[{"embeddable":true,"href":"https:\/\/www.europesays.com\/fr\/wp-json\/wp\/v2\/users\/2"}],"replies":[{"embeddable":true,"href":"https:\/\/www.europesays.com\/fr\/wp-json\/wp\/v2\/comments?post=487823"}],"version-history":[{"count":0,"href":"https:\/\/www.europesays.com\/fr\/wp-json\/wp\/v2\/posts\/487823\/revisions"}],"wp:featuredmedia":[{"embeddable":true,"href":"https:\/\/www.europesays.com\/fr\/wp-json\/wp\/v2\/media\/487824"}],"wp:attachment":[{"href":"https:\/\/www.europesays.com\/fr\/wp-json\/wp\/v2\/media?parent=487823"}],"wp:term":[{"taxonomy":"category","embeddable":true,"href":"https:\/\/www.europesays.com\/fr\/wp-json\/wp\/v2\/categories?post=487823"},{"taxonomy":"post_tag","embeddable":true,"href":"https:\/\/www.europesays.com\/fr\/wp-json\/wp\/v2\/tags?post=487823"}],"curies":[{"name":"wp","href":"https:\/\/api.w.org\/{rel}","templated":true}]}}