{"id":487825,"date":"2025-10-24T23:20:16","date_gmt":"2025-10-24T23:20:16","guid":{"rendered":"https:\/\/www.europesays.com\/fr\/487825\/"},"modified":"2025-10-24T23:20:16","modified_gmt":"2025-10-24T23:20:16","slug":"jai-tire-des-conclusions-de-la-commande-dun-cercueil-aqababe-sexplique-apres-avoir-annonce-a-tort-la-mort-de-brigitte-bardot","status":"publish","type":"post","link":"https:\/\/www.europesays.com\/fr\/487825\/","title":{"rendered":"\u00ab J\u2019ai tir\u00e9 des conclusions de la commande d\u2019un cercueil \u00bb : Aqababe s\u2019explique apr\u00e8s avoir annonc\u00e9 \u00e0 tort la mort de Brigitte Bardot"},"content":{"rendered":"<p class=\"paragraph text_align_left lp-f-body-02\">Aqababe s\u2019excuse ce vendredi soir d\u2019avoir <a href=\"https:\/\/www.leparisien.fr\/culture-loisirs\/cinema\/je-vais-bien-et-je-nai-pas-lintention-de-tirer-ma-reverence-brigitte-bardot-dement-sa-propre-mort-annoncee-sur-les-reseaux-sociaux-22-10-2025-D2YSFKXSD5EM7DQF7XQ6XWJYIA.php\" target=\"_blank\" rel=\"noreferrer noopener\">propag\u00e9 la rumeur de la mort de Brigitte Bardot ce mercredi dans la soir\u00e9e<\/a>. \u00ab Je tiens \u00e0 pr\u00e9senter mes plus sinc\u00e8res excuses \u00e0 Madame Brigitte Bardot ainsi qu\u2019\u00e0 vous, mes abonn\u00e9s, suite \u00e0 la fausse information que j\u2019ai relay\u00e9e concernant son d\u00e9c\u00e8s \u00bb, explique-t-il dans un tweet sur X.<\/p>\n<p class=\"paragraph text_align_left lp-f-body-02\">\u00ab J\u2019ai tir\u00e9 des conclusions trop h\u00e2tives apr\u00e8s avoir re\u00e7u des informations au sujet de la commande en urgence d\u2019un cercueil \u00e0 Saint-Paul-de-Jarrat (09) \u00bb, pr\u00e9cise-t-il encore pour expliquer son erreur.<\/p>\n<p class=\"paragraph text_align_left lp-f-body-02\">\u00ab Cette co\u00efncidence m\u2019a malheureusement conduit \u00e0 diffuser une information erron\u00e9e, et je le regrette profond\u00e9ment. Vous me suivez depuis des ann\u00e9es et vous savez \u00e0 quel point ma cr\u00e9dibilit\u00e9 est essentielle pour moi \u00bb, a assur\u00e9 l\u2019influenceur des r\u00e9seaux sociaux, qui n\u2019en est pourtant pas <a href=\"https:\/\/www.leparisien.fr\/faits-divers\/jeremstar-obtient-la-condamnation-du-blogueur-aqababe-pour-diffamation-02-06-2022-EHOY565ZIBEMTNONEWBZQNK3LM.php\" target=\"_blank\" rel=\"noreferrer noopener\">\u00e0 sa premi\u00e8re pol\u00e9mique<\/a>.<\/p>\n<p>\u00ab Je prends cette erreur tr\u00e8s au s\u00e9rieux \u00bb<\/p>\n<p class=\"paragraph text_align_left lp-f-body-02\">\u00ab Je prends cette erreur tr\u00e8s au s\u00e9rieux et je ferai d\u00e9sormais preuve d\u2019une vigilance redoubl\u00e9e avant de publier quoi que ce soit. La page AQABABE a toujours cherch\u00e9 \u00e0 dire la v\u00e9rit\u00e9, et c\u2019est pr\u00e9cis\u00e9ment pour cela que cette situation me d\u00e9range autant. Encore d\u00e9sol\u00e9 pour cette maladresse \u00bb, conclut-il son message \u00e0 l\u2019adresse surtout de ses followers.<\/p>\n<p class=\"paragraph text_align_left lp-f-body-02\">En effet, l\u2019habitu\u00e9 des r\u00e9seaux sociaux, Aqababe avait anticip\u00e9 la mort de l\u2019actrice de \u00ab Et Dieu cr\u00e9a la femme \u00bb, sans les pr\u00e9cautions utiles dans ce genre de situation. \u00ab D\u2019apr\u00e8s mes informations exclusives, Brigitte Bardot serait d\u00e9c\u00e9d\u00e9e aujourd\u2019hui. Son cercueil aurait \u00e9t\u00e9 command\u00e9 \u00e0 Saint-Paul-de-Jarrat dans le 09. Une ic\u00f4ne s\u2019\u00e9teint, laissant derri\u00e8re elle un h\u00e9ritage inoubliable et une empreinte \u00e9ternelle dans le c\u0153ur des Fran\u00e7ais \u00bb, avait-il tweet\u00e9 vers 21h40, mercredi soir, avant de supprimer opportun\u00e9ment son message. La rumeur avait entra\u00een\u00e9 une d\u00e9claration laconique de Brigitte Bardot sur ses r\u00e9seaux sociaux.<\/p>\n","protected":false},"excerpt":{"rendered":"Aqababe s\u2019excuse ce vendredi soir d\u2019avoir propag\u00e9 la rumeur de la mort de Brigitte Bardot ce mercredi dans&hellip;\n","protected":false},"author":2,"featured_media":487826,"comment_status":"","ping_status":"","sticky":false,"template":"","format":"standard","meta":{"footnotes":""},"categories":[1359],"tags":[898,8936,872,58,59,1011,27,973],"class_list":{"0":"post-487825","1":"post","2":"type-post","3":"status-publish","4":"format-standard","5":"has-post-thumbnail","7":"category-people","8":"tag-alerte","9":"tag-breaking-news","10":"tag-culture-et-loisirs","11":"tag-divertissement","12":"tag-entertainment","13":"tag-fr","14":"tag-france","15":"tag-people"},"share_on_mastodon":{"url":"https:\/\/pubeurope.com\/@fr\/115431710784273295","error":""},"_links":{"self":[{"href":"https:\/\/www.europesays.com\/fr\/wp-json\/wp\/v2\/posts\/487825","targetHints":{"allow":["GET"]}}],"collection":[{"href":"https:\/\/www.europesays.com\/fr\/wp-json\/wp\/v2\/posts"}],"about":[{"href":"https:\/\/www.europesays.com\/fr\/wp-json\/wp\/v2\/types\/post"}],"author":[{"embeddable":true,"href":"https:\/\/www.europesays.com\/fr\/wp-json\/wp\/v2\/users\/2"}],"replies":[{"embeddable":true,"href":"https:\/\/www.europesays.com\/fr\/wp-json\/wp\/v2\/comments?post=487825"}],"version-history":[{"count":0,"href":"https:\/\/www.europesays.com\/fr\/wp-json\/wp\/v2\/posts\/487825\/revisions"}],"wp:featuredmedia":[{"embeddable":true,"href":"https:\/\/www.europesays.com\/fr\/wp-json\/wp\/v2\/media\/487826"}],"wp:attachment":[{"href":"https:\/\/www.europesays.com\/fr\/wp-json\/wp\/v2\/media?parent=487825"}],"wp:term":[{"taxonomy":"category","embeddable":true,"href":"https:\/\/www.europesays.com\/fr\/wp-json\/wp\/v2\/categories?post=487825"},{"taxonomy":"post_tag","embeddable":true,"href":"https:\/\/www.europesays.com\/fr\/wp-json\/wp\/v2\/tags?post=487825"}],"curies":[{"name":"wp","href":"https:\/\/api.w.org\/{rel}","templated":true}]}}