{"id":487829,"date":"2025-10-24T23:23:13","date_gmt":"2025-10-24T23:23:13","guid":{"rendered":"https:\/\/www.europesays.com\/fr\/487829\/"},"modified":"2025-10-24T23:23:13","modified_gmt":"2025-10-24T23:23:13","slug":"mask-singer-ycare-remporte-la-saison-8-dans-le-costume-du-lapin","status":"publish","type":"post","link":"https:\/\/www.europesays.com\/fr\/487829\/","title":{"rendered":"\u00ab\u00a0Mask Singer\u00a0\u00bb\u00a0: Ycare remporte la saison\u00a08 dans le costume du Lapin"},"content":{"rendered":"<p class=\"paragraph text_align_left lp-f-body-02\">Le gagnant de huiti\u00e8me saison de \u00ab\u00a0Mask Singer\u00a0\u00bb sur TF\u00a01 a \u00e9t\u00e9 d\u00e9voil\u00e9 ce vendredi 24\u00a0octobre \u00e0 l\u2019issue d\u2019une finale de haut vol. Au bout de six semaines de comp\u00e9tition, la Taupe, le Lapin et l\u2019Agneau se sont affront\u00e9s devant les enqu\u00eateurs Kev Adams, Chantal Ladesou, <a href=\"https:\/\/www.leparisien.fr\/culture-loisirs\/tv\/michael-youn-jure-dans-mask-singer-avec-kev-adams-on-peut-draguer-ensemble-mais-pas-les-memes-meufs-19-08-2025-WGFSDGN4XVFI5LQPZLWATWYI3U.php\" target=\"_blank\" rel=\"noreferrer nofollow noopener\">Micha\u00ebl Youn<\/a> et Laurent Ruquier. Trois anciens personnages de la pr\u00e9c\u00e9dente \u00e9dition de l\u2019\u00e9mission \u2013 le Brocoli, le Cygne et le Chaton, alias Le Bouseuh, Anne Sila et S\u00e9verine Ferrer \u2013 ont ouvert le show en reprenant \u00ab\u00a0Spider\u00a0\u00bb de Gims, avant de se produire en duo avec les finalistes.<\/p>\n<p class=\"paragraph text_align_left lp-f-body-02\">La Taupe et le Cygne se sont ambianc\u00e9s sur \u00ab\u00a0Halo\u00a0\u00bb de Beyonc\u00e9. Le tr\u00e8s haut niveau a confirm\u00e9 ce que tous pensaient d\u00e9j\u00e0\u00a0: la premi\u00e8re est une chanteuse. Apr\u00e8s avoir enlev\u00e9 son masque, Anne Sila a \u00e9mis l\u2019hypoth\u00e8se d\u2019avoir partag\u00e9 le morceau avec Amel Bent. Micha\u00ebl Youn est parti de son c\u00f4t\u00e9 sur la piste Liane Foly sans savoir qu\u2019elle avait d\u00e9j\u00e0 particip\u00e9 en saison\u00a02. Laurent Ruquier pensait toujours \u00e0 Priscilla Betti tout en admettant la possibilit\u00e9 Amel Bent. Chantal Ladesou s\u2019est \u00e9galement pli\u00e9e \u00e0 la suggestion du Cygne.<\/p>\n<p class=\"paragraph text_align_left lp-f-body-02\">Le Lapin et le Brocoli ont encha\u00een\u00e9 sur \u00ab\u00a0J\u2019ai demand\u00e9 \u00e0 la lune\u00a0\u00bb d\u2019Indochine. L\u2019animateur Camille Combal a amus\u00e9 la galerie en faisant tomber ensuite la lune qui faisait partie du d\u00e9cor en tentant de la d\u00e9placer. Le Youtubeur Le Bouseuh a mis\u00e9 sur Claudio Cap\u00e9o pour tenter de deviner qui avait chant\u00e9 avec lui. Mais du c\u00f4t\u00e9 des enqu\u00eateurs, l\u2019indice \u00ab\u00a0se br\u00fbler les ailes\u00a0\u00bb parmi ceux r\u00e9v\u00e9l\u00e9s juste avant leur prestation laissait peu de doute sur l\u2019identit\u00e9 d\u2019Ycare, r\u00e9v\u00e9l\u00e9 par l\u2019\u00e9mission \u00ab\u00a0Nouvelle Star\u00a0\u00bb en 2008. Seule Chantal Ladesou a encore \u00e9voqu\u00e9 Claudio Cap\u00e9o et Gr\u00e9goire.<\/p>\n<p class=\"paragraph text_align_left lp-f-body-02\">Enfin, l\u2019Agneau et le Chaton ont entonn\u00e9 \u00ab\u00a0Superstar\u00a0\u00bb de Jamelia. L\u2019animatrice et com\u00e9dienne S\u00e9verine Ferrer a rappel\u00e9 combien elle avait aim\u00e9 participer \u00e0 \u00ab\u00a0Mask Singer\u00a0\u00bb, une exp\u00e9rience qui a chang\u00e9 sa vie. Sans aucun indice, elle a lanc\u00e9 le nom de Claudia Tagbo pour l\u2019identit\u00e9 de l\u2019Agneau. Les enqu\u00eateurs eux, penchaient pour Karima Charni, Lucie Bernardoni ou Claire Keim.<\/p>\n<p>L\u2019ultime face-\u00e0-face de la saison a oppos\u00e9 la Taupe au Lapin<\/p>\n<p class=\"paragraph text_align_left lp-f-body-02\">\u00c0 l\u2019issue de ces premi\u00e8res prestations, et du vote des enqu\u00eateurs et du public en plateau, l\u2019Agneau a \u00e9t\u00e9 \u00e9limin\u00e9. Son d\u00e9masquage a r\u00e9v\u00e9l\u00e9 le visage de Karima Charni, chroniqueuse de la matinale \u00ab\u00a0Bonjour\u00a0!\u00a0\u00bb et coanimatrice <a href=\"https:\/\/www.leparisien.fr\/culture-loisirs\/tv\/direct-star-academy-qui-sont-les-candidats-quelles-nouveautes-posez-nous-vos-questions-sur-la-saison-13-24-10-2025-V7CU3C5XGRF5HGXGUCPSMPOVLI.php\" target=\"_blank\" rel=\"noreferrer nofollow noopener\">de la \u00ab\u00a0Star Academy\u00a0\u00bb. <\/a>Heureuse de son parcours, elle n\u2019a pas h\u00e9sit\u00e9 \u00e0 taquiner Micha\u00ebl Youn qui avait pens\u00e9 qu\u2019il s\u2019agissait de Camille Chamoux sous le costume.<\/p>\n<p class=\"paragraph text_align_left lp-f-body-02\">L\u2019ultime face-\u00e0-face de la saison a donc oppos\u00e9 la Taupe au Lapin. La premi\u00e8re a chant\u00e9 \u00ab\u00a0En Apesanteur\u00a0\u00bb de Calogero en se donnant \u00e0 fond autant musicalement que physiquement, comme lors de toutes ses prestations. \u00ab\u00a0Je pense qu\u2019elle m\u00e9rite de gagner Mask Singer cette saison\u00a0\u00bb, a l\u00e2ch\u00e9 Kev Adams qui d\u00e9tenait le prono d\u2019or sur ce personnage, connaissant donc son identit\u00e9.<\/p>\n<p><img decoding=\"async\" class=\"image \" loading=\"lazy\" src=\"https:\/\/www.europesays.com\/fr\/wp-content\/uploads\/2025\/10\/WTLVNN5DDZCVFDOKI2OXQ3YHWM.jpg\" alt=\"Le chanteur Ycare est le grand vainqueur de la saison 8. LP\/Delphine Goldsztejn\" align=\"\" data-rubrique-principale=\"\" data-article-type=\"\" fetchpriority=\"auto\"\/>Le chanteur Ycare est le grand vainqueur de la saison 8. LP\/Delphine Goldsztejn<\/p>\n<p class=\"paragraph text_align_left lp-f-body-02\">Le Lapin s\u2019est d\u00e9fendu sur \u00ab\u00a0Viva la Vida\u00a0\u00bb de Coldplay de mani\u00e8re magistrale alliant performance vocale et chor\u00e9graphie. Un tr\u00e8s chouette moment, d\u2019autant que les enfants du public sont mont\u00e9s sur sc\u00e8ne pour le rejoindre \u00e0 la fin du morceau. \u00c0 genoux, le personnage aux longues oreilles s\u2019est retrouv\u00e9 submerg\u00e9 par l\u2019\u00e9motion.<\/p>\n<p class=\"paragraph text_align_left lp-f-body-02\">Le vote final a sacr\u00e9 le Lapin grand gagnant de cette saison\u00a08. Restait alors \u00e0 r\u00e9v\u00e9ler les visages des deux derniers concurrents. La Taupe, qui a avou\u00e9 \u00eatre un peu d\u00e9\u00e7ue, versant quelques larmes sous le masque, \u00e9tait la chanteuse Priscilla Betti. Quant au vainqueur, il s\u2019agissait bien d\u2019Ycare qui a assur\u00e9 avoir particip\u00e9 \u00e0 l\u2019\u00e9mission pour \u00ab\u00a0dire aux adultes de ne pas ignorer l\u2019enfant qui est \u00e0 l\u2019int\u00e9rieur de nous. Les enfants sont la marche \u00e0 suivre.\u00a0\u00bb Il succ\u00e8de \u00e0 Lola Dubini, qui avait remport\u00e9 la saison\u00a07 en Giraffe.<\/p>\n","protected":false},"excerpt":{"rendered":"Le gagnant de huiti\u00e8me saison de \u00ab\u00a0Mask Singer\u00a0\u00bb sur TF\u00a01 a \u00e9t\u00e9 d\u00e9voil\u00e9 ce vendredi 24\u00a0octobre \u00e0 l\u2019issue&hellip;\n","protected":false},"author":2,"featured_media":487830,"comment_status":"","ping_status":"","sticky":false,"template":"","format":"standard","meta":{"footnotes":""},"categories":[1356],"tags":[872,58,59,1011,27,252,2205,1364],"class_list":{"0":"post-487829","1":"post","2":"type-post","3":"status-publish","4":"format-standard","5":"has-post-thumbnail","7":"category-television","8":"tag-culture-et-loisirs","9":"tag-divertissement","10":"tag-entertainment","11":"tag-fr","12":"tag-france","13":"tag-television","14":"tag-television-medias","15":"tag-tv"},"share_on_mastodon":{"url":"https:\/\/pubeurope.com\/@fr\/115431722479102642","error":""},"_links":{"self":[{"href":"https:\/\/www.europesays.com\/fr\/wp-json\/wp\/v2\/posts\/487829","targetHints":{"allow":["GET"]}}],"collection":[{"href":"https:\/\/www.europesays.com\/fr\/wp-json\/wp\/v2\/posts"}],"about":[{"href":"https:\/\/www.europesays.com\/fr\/wp-json\/wp\/v2\/types\/post"}],"author":[{"embeddable":true,"href":"https:\/\/www.europesays.com\/fr\/wp-json\/wp\/v2\/users\/2"}],"replies":[{"embeddable":true,"href":"https:\/\/www.europesays.com\/fr\/wp-json\/wp\/v2\/comments?post=487829"}],"version-history":[{"count":0,"href":"https:\/\/www.europesays.com\/fr\/wp-json\/wp\/v2\/posts\/487829\/revisions"}],"wp:featuredmedia":[{"embeddable":true,"href":"https:\/\/www.europesays.com\/fr\/wp-json\/wp\/v2\/media\/487830"}],"wp:attachment":[{"href":"https:\/\/www.europesays.com\/fr\/wp-json\/wp\/v2\/media?parent=487829"}],"wp:term":[{"taxonomy":"category","embeddable":true,"href":"https:\/\/www.europesays.com\/fr\/wp-json\/wp\/v2\/categories?post=487829"},{"taxonomy":"post_tag","embeddable":true,"href":"https:\/\/www.europesays.com\/fr\/wp-json\/wp\/v2\/tags?post=487829"}],"curies":[{"name":"wp","href":"https:\/\/api.w.org\/{rel}","templated":true}]}}