{"id":487838,"date":"2025-10-24T23:28:13","date_gmt":"2025-10-24T23:28:13","guid":{"rendered":"https:\/\/www.europesays.com\/fr\/487838\/"},"modified":"2025-10-24T23:28:13","modified_gmt":"2025-10-24T23:28:13","slug":"meghan-markle-terrible-boss-sa-directrice-de-communication-demissionne-quatre-mois-seulement-apres-son-arrivee","status":"publish","type":"post","link":"https:\/\/www.europesays.com\/fr\/487838\/","title":{"rendered":"Meghan Markle : Terrible boss ? Sa directrice de communication d\u00e9missionne quatre mois seulement apr\u00e8s son arriv\u00e9e"},"content":{"rendered":"<p>Rien ne semble aller du c\u00f4t\u00e9 du <a href=\"https:\/\/www.closermag.fr\/royautes\/dun-commun-accord-fin-de-la-lune-de-miel-meghan-markle-remet-les-pendules-a-lheure-sur-un-pan-de-son-avenir-avec-harry-3587303\" target=\"_blank\" rel=\"noopener\"><br \/>\ncouple Sussex<\/a>. Selon le magazine <a href=\"https:\/\/people.com\/meghan-markle-prince-harry-director-of-communications-exits-role-11836332\" target=\"_blank\" rel=\"noopener\"><br \/>\nPeople<\/a>, <strong>Emily Robinson,<\/strong> directrice de<br \/>\nla communication de <a href=\"https:\/\/www.closermag.fr\/royautes\/meghan-et-harry-humilies-le-couple-sussex-caricature-a-outrance-ces-images-qui-vont-fortement-lui-deplaire-3583001\" target=\"_blank\" rel=\"noopener\"><br \/>\nMeghan Markle et du prince Harry<\/a>, a <strong>quitt\u00e9<\/strong> son<br \/>\nposte apr\u00e8s seulement <strong>quatre mois<\/strong> de<br \/>\ncollaboration. Une annonce qui intervient alors que la <a href=\"https:\/\/www.closermag.fr\/royautes\/kate-et-william-choques-et-perturbes-par-la-rumeur-concernant-meghan-markle-3587872\" target=\"_blank\" rel=\"noopener\"><br \/>\nduchesse de Sussex<\/a> fait de nouveau l\u2019objet de<br \/>\n<strong>critiques<\/strong> m\u00e9diatiques.<\/p>\n<p>Avant de rejoindre l\u2019\u00e9quipe de <a href=\"https:\/\/www.closermag.fr\/royautes\/meghan-et-harry-ce-couple-star-prepare-une-vengeance-aux-petits-oignons-contre-les-sussex-3582776\" target=\"_blank\" rel=\"noopener\"><br \/>\nMeghan et Harry<\/a> en mai dernier, Emily Robinson occupait un<br \/>\nposte <strong>prestigieux<\/strong> en tant que <strong>directrice<br \/>\nprincipale des relations publiques<\/strong>. Son<br \/>\n<strong>d\u00e9part<\/strong> soudain alimente les<br \/>\n<strong>rumeurs<\/strong> autour des <strong>difficult\u00e9s<\/strong><br \/>\ninternes \u00e0 l\u2019\u00e9quipe de communication des Sussex, d\u00e9j\u00e0 marqu\u00e9e par<br \/>\n<strong>plusieurs d\u00e9missions<\/strong> ces derni\u00e8res ann\u00e9es.<\/p>\n<p><img loading=\"lazy\" decoding=\"async\" itemprop=\"thumbnailUrl\" class=\"aligncenter size-large wp-image-3588514 img-responsive\" src=\"https:\/\/www.europesays.com\/fr\/wp-content\/uploads\/2025\/10\/bestimage_00727955_000021-892x1024.jpg\" alt=\"\" width=\"892\" height=\"1024\"\/> \u00a9<br \/>\nBestimage<\/p>\n<p>Une nouvelle d\u00e9mission dans l\u2019\u00e9quipe de Meghan et Harry<\/p>\n<p>Selon People, Emily Robinson a <strong>quitt\u00e9 son poste<br \/>\nde son plein gr\u00e9 sans conflit apparent<\/strong>. Un porte-parole du<br \/>\ncouple a n\u00e9anmoins tenu \u00e0 souligner son<br \/>\n<strong>professionnalisme<\/strong>. \u2018\u2018Mme Robinson a supervis\u00e9<br \/>\n<strong>avec succ\u00e8s plusieurs projets<\/strong> li\u00e9s \u00e0 la saison de<br \/>\nWith Love, Meghan et a apport\u00e9 un <strong>soutien pr\u00e9cieux \u00e0 la<br \/>\nsoci\u00e9t\u00e9 de production<\/strong>. Elle a fait un <strong>excellent<br \/>\ntravail<\/strong> et a men\u00e9 ces <strong>projets \u00e0<br \/>\nbien<\/strong><strong>.\u2019\u2019<\/strong><\/p>\n<p>Mais cette nouvelle <strong>d\u00e9mission<\/strong> s\u2019ajoute \u00e0 une<br \/>\n<strong>longue liste de d\u00e9parts.<\/strong> En juin dernier, deux<br \/>\nautres membres du service de presse, <strong>Kyle Boulia et Charlie<br \/>\nGipson,<\/strong> avaient d\u00e9j\u00e0 <strong>quitt\u00e9<\/strong> leurs<br \/>\nfonctions. L\u2019ann\u00e9e pr\u00e9c\u00e9dente, <strong>Ashley Hansen<\/strong>,<br \/>\nresponsable mondiale de la communication, avait elle aussi<br \/>\n<strong>tourn\u00e9 la page pour cr\u00e9er sa propre agence.<\/strong> Cette<br \/>\n<strong>instabilit\u00e9 chronique<\/strong> nourrit les sp\u00e9culations sur<br \/>\n<strong>l\u2019ambiance de travail aupr\u00e8s du couple<br \/>\nprincier.<\/strong><\/p>\n<p>Meghan Markle de nouveau sous le feu<br \/>\ndes critiques<\/p>\n<p>Ce d\u00e9part intervient alors que Meghan Markle traverse une<br \/>\nnouvelle <strong>temp\u00eate m\u00e9diatique.<\/strong> La duchesse a<br \/>\nr\u00e9cemment \u00e9t\u00e9 <strong>critiqu\u00e9e<\/strong> pour une vid\u00e9o publi\u00e9e sur<br \/>\nInstagram pendant la Fashion Week de Paris o\u00f9<br \/>\nelle se filme en voiture pr\u00e8s du <strong>pont de l\u2019Alma<\/strong>,<br \/>\nlieu tragique de <a href=\"https:\/\/www.closermag.fr\/royautes\/diana-serait-encore-vivante-si-le-confident-de-lady-di-lache-une-bombe-sur-son-accident-mortel-3570412\" target=\"_blank\" rel=\"noopener\"><br \/>\nl\u2019accident de Lady Diana<\/a>. Certains internautes ont jug\u00e9 la<br \/>\ns\u00e9quence \u2018<strong>insensible<\/strong>\u2019.<\/p>\n<p>Selon une source proche du prince Harry, \u2018\u2018La <strong>mort<br \/>\nde Diana<\/strong> a \u00e9t\u00e9 utilis\u00e9e <strong>pour attaquer<br \/>\nMeghan.<\/strong> Toute cette histoire est une<br \/>\n<strong>blague<\/strong>, mais <strong>pas une blague tr\u00e8s dr\u00f4le<br \/>\npour Harry<\/strong>.\u2019\u2019 Touch\u00e9 mais pas surpris, le prince<br \/>\naurait \u00e9t\u00e9 \u2018\u2018<strong>bless\u00e9 et d\u00e9sabus\u00e9<\/strong>\u2019\u2019 par les<br \/>\nr\u00e9actions.<\/p>\n","protected":false},"excerpt":{"rendered":"Rien ne semble aller du c\u00f4t\u00e9 du couple Sussex. Selon le magazine People, Emily Robinson, directrice de la&hellip;\n","protected":false},"author":2,"featured_media":487839,"comment_status":"","ping_status":"","sticky":false,"template":"","format":"standard","meta":{"footnotes":""},"categories":[8],"tags":[58,59,1011,27,908,267],"class_list":{"0":"post-487838","1":"post","2":"type-post","3":"status-publish","4":"format-standard","5":"has-post-thumbnail","7":"category-divertissement","8":"tag-divertissement","9":"tag-entertainment","10":"tag-fr","11":"tag-france","12":"tag-meghan-markle","13":"tag-prince-harry"},"share_on_mastodon":{"url":"https:\/\/pubeurope.com\/@fr\/115431742831695185","error":""},"_links":{"self":[{"href":"https:\/\/www.europesays.com\/fr\/wp-json\/wp\/v2\/posts\/487838","targetHints":{"allow":["GET"]}}],"collection":[{"href":"https:\/\/www.europesays.com\/fr\/wp-json\/wp\/v2\/posts"}],"about":[{"href":"https:\/\/www.europesays.com\/fr\/wp-json\/wp\/v2\/types\/post"}],"author":[{"embeddable":true,"href":"https:\/\/www.europesays.com\/fr\/wp-json\/wp\/v2\/users\/2"}],"replies":[{"embeddable":true,"href":"https:\/\/www.europesays.com\/fr\/wp-json\/wp\/v2\/comments?post=487838"}],"version-history":[{"count":0,"href":"https:\/\/www.europesays.com\/fr\/wp-json\/wp\/v2\/posts\/487838\/revisions"}],"wp:featuredmedia":[{"embeddable":true,"href":"https:\/\/www.europesays.com\/fr\/wp-json\/wp\/v2\/media\/487839"}],"wp:attachment":[{"href":"https:\/\/www.europesays.com\/fr\/wp-json\/wp\/v2\/media?parent=487838"}],"wp:term":[{"taxonomy":"category","embeddable":true,"href":"https:\/\/www.europesays.com\/fr\/wp-json\/wp\/v2\/categories?post=487838"},{"taxonomy":"post_tag","embeddable":true,"href":"https:\/\/www.europesays.com\/fr\/wp-json\/wp\/v2\/tags?post=487838"}],"curies":[{"name":"wp","href":"https:\/\/api.w.org\/{rel}","templated":true}]}}