{"id":487842,"date":"2025-10-24T23:30:17","date_gmt":"2025-10-24T23:30:17","guid":{"rendered":"https:\/\/www.europesays.com\/fr\/487842\/"},"modified":"2025-10-24T23:30:17","modified_gmt":"2025-10-24T23:30:17","slug":"porsche-voit-son-benefice-chuter-de-96-sur-les-neuf-premiers-mois","status":"publish","type":"post","link":"https:\/\/www.europesays.com\/fr\/487842\/","title":{"rendered":"Porsche voit son b\u00e9n\u00e9fice chuter de 96% sur les neuf premiers mois"},"content":{"rendered":"<p class=\"ap-StoryElement ap-StoryElement--mb ap-StoryText\">Le b\u00e9n\u00e9fice apr\u00e8s imp\u00f4ts s&rsquo;est \u00e9tabli \u00e0 114 millions d&rsquo;euros. R\u00e9cemment, Porsche a abandonn\u00e9 ses objectifs ambitieux d&rsquo;\u00e9lectrification et report\u00e9 le lancement de nouveaux mod\u00e8les \u00e9lectriques.<\/p>\n<p class=\"ap-StoryElement ap-StoryElement--mb ap-StoryText\">Le b\u00e9n\u00e9fice op\u00e9rationnel a atteint 40 millions d&rsquo;euros durant les neuf premiers mois de cette ann\u00e9e, soit une baisse de 99% par rapport aux plus de 4 milliards d&rsquo;euros enregistr\u00e9s sur la m\u00eame p\u00e9riode l&rsquo;ann\u00e9e derni\u00e8re. Le chiffre d&rsquo;affaires a recul\u00e9 de 6% pour s&rsquo;\u00e9tablir \u00e0 pr\u00e8s de 26,9 milliards d&rsquo;euros.<\/p>\n<p>Pour acc\u00e9der \u00e0 cet article, veuillez vous connecter au r\u00e9seau internet.<\/p>\n","protected":false},"excerpt":{"rendered":"Le b\u00e9n\u00e9fice apr\u00e8s imp\u00f4ts s&rsquo;est \u00e9tabli \u00e0 114 millions d&rsquo;euros. R\u00e9cemment, Porsche a abandonn\u00e9 ses objectifs ambitieux d&rsquo;\u00e9lectrification&hellip;\n","protected":false},"author":2,"featured_media":487843,"comment_status":"","ping_status":"","sticky":false,"template":"","format":"standard","meta":{"footnotes":""},"categories":[6],"tags":[672,646,35,33,34,313,1011,27],"class_list":{"0":"post-487842","1":"post","2":"type-post","3":"status-publish","4":"format-standard","5":"has-post-thumbnail","7":"category-economie","8":"tag-allemagne","9":"tag-automobile","10":"tag-business","11":"tag-economie","12":"tag-economy","13":"tag-entreprises","14":"tag-fr","15":"tag-france"},"share_on_mastodon":{"url":"https:\/\/pubeurope.com\/@fr\/115431750055083579","error":""},"_links":{"self":[{"href":"https:\/\/www.europesays.com\/fr\/wp-json\/wp\/v2\/posts\/487842","targetHints":{"allow":["GET"]}}],"collection":[{"href":"https:\/\/www.europesays.com\/fr\/wp-json\/wp\/v2\/posts"}],"about":[{"href":"https:\/\/www.europesays.com\/fr\/wp-json\/wp\/v2\/types\/post"}],"author":[{"embeddable":true,"href":"https:\/\/www.europesays.com\/fr\/wp-json\/wp\/v2\/users\/2"}],"replies":[{"embeddable":true,"href":"https:\/\/www.europesays.com\/fr\/wp-json\/wp\/v2\/comments?post=487842"}],"version-history":[{"count":0,"href":"https:\/\/www.europesays.com\/fr\/wp-json\/wp\/v2\/posts\/487842\/revisions"}],"wp:featuredmedia":[{"embeddable":true,"href":"https:\/\/www.europesays.com\/fr\/wp-json\/wp\/v2\/media\/487843"}],"wp:attachment":[{"href":"https:\/\/www.europesays.com\/fr\/wp-json\/wp\/v2\/media?parent=487842"}],"wp:term":[{"taxonomy":"category","embeddable":true,"href":"https:\/\/www.europesays.com\/fr\/wp-json\/wp\/v2\/categories?post=487842"},{"taxonomy":"post_tag","embeddable":true,"href":"https:\/\/www.europesays.com\/fr\/wp-json\/wp\/v2\/tags?post=487842"}],"curies":[{"name":"wp","href":"https:\/\/api.w.org\/{rel}","templated":true}]}}