{"id":487856,"date":"2025-10-24T23:42:15","date_gmt":"2025-10-24T23:42:15","guid":{"rendered":"https:\/\/www.europesays.com\/fr\/487856\/"},"modified":"2025-10-24T23:42:15","modified_gmt":"2025-10-24T23:42:15","slug":"un-differend-entre-adolescents-degenere-lun-deux-blesse-avec-un-pistolet-a-plomb","status":"publish","type":"post","link":"https:\/\/www.europesays.com\/fr\/487856\/","title":{"rendered":"un diff\u00e9rend entre adolescents d\u00e9g\u00e9n\u00e8re, l&rsquo;un d&rsquo;eux bless\u00e9 avec un pistolet \u00e0 plomb"},"content":{"rendered":"<p>            Par<br \/>\n        <strong><br \/>\n            <a href=\"https:\/\/actu.fr\/auteur\/jm-aubert\" title=\"Consulter tous les articles de Jean-Marc Aubert\" target=\"_blank\" rel=\"noopener\">Jean-Marc Aubert<\/a><br \/>\n        <\/strong><\/p>\n<p>        Publi\u00e9 le<\/p>\n<p>            24 oct. 2025 \u00e0 9h26<br \/>\n        ; mis \u00e0 jour le 24 oct. 2025 \u00e0 13h21    <\/p>\n<p>Le week-end dernier, un <strong>diff\u00e9rend entre adolescents<\/strong> autour de la vente d\u2019un scooter a d\u00e9g\u00e9n\u00e9r\u00e9, dans le quartier de la Pompignane, \u00e0 <strong>Montpellier.<\/strong> Un mineur a \u00e9t\u00e9 bless\u00e9.<\/p>\n<p class=\" wall-content\">On a fr\u00f4l\u00e9 le drame lors de deux \u00e9pisodes \u00e0 24h d\u2019intervalle qui ont oppos\u00e9 des jeunes. Samedi 18 octobre 2025, un adolescent qui r\u00e9side dans un autre quartier se pr\u00e9sente dans la cit\u00e9 de la Pompignane, \u00e0 proximit\u00e9 de la piscine Jean Taris pour demander \u00e0 celui qui lui a vendu un scooter quelques jours plus t\u00f4t de le rembourser, car l\u2019engin est tomb\u00e9 en panne et qu\u2019il ne peut pas s\u2019en servir.<\/p>\n<p>    <a href=\"https:\/\/www.google.com\/maps\/embed?pb=!1m18!1m12!1m3!1d3042.4515016745704!2d3.898874926106906!3d43.6205432835642!2m3!1f0!2f0!3f0!3m2!1i1024!2i768!4f13.1!3m3!1m2!1s0x12b6af64a09746b5%3A0x5708eb76f0314f82!2sPiscine%20Jean%20Taris!5e0!3m2!1sfr!2sfr!4v1761290658305!5m2!1sfr!2sfr\" title=\"Ouvrie le lien\" target=\"_blank\" rel=\"noopener\">Cliquez ici pour visualiser le contenu<\/a><\/p>\n<p class=\" wall-content\">Le vendeur refuse de lui restituer l\u2019argent et une premi\u00e8re altercation verbale oppose les deux jeunes, avant qu\u2019ils ne se s\u00e9parent. Mais le lendemain, l\u2019acheteur qui estime s\u2019\u00eatre fait flouer revient \u00e0 la Pompignane, accompagn\u00e9 cette fois de deux amis et redemande des comptes au vendeur du deux-roues motoris\u00e9s. Il essuie alors un nouveau refus.<\/p>\n<p>Deux armes brandies<\/p>\n<p class=\" wall-content\">Le trio est semble t-il venu pour en d\u00e9coudre afin de se faire rembourser, arm\u00e9 d\u2019un <strong>pistolet<\/strong>\u00a0<strong>\u00e0 plomb<\/strong> et d\u2019une <strong>serpette<\/strong> brandis devant l\u2019ancien propri\u00e9taire du scooter, qui fait de la r\u00e9sistance en restant sur sa position de ne pas rembourser le nouvel acqu\u00e9reur. Dans la confusion qui a suivi, le vendeur \u00e9tait bless\u00e9 par un plomb qui s\u2019est log\u00e9e dans la gorge, entra\u00eenant la fuite du trio.<\/p>\n<p>Vid\u00e9os : en ce moment sur Actu<\/p>\n<p class=\" wall-content\">Le plomb a \u00e9t\u00e9 extraite \u00e0 l\u2019h\u00f4pital o\u00f9 la victime, consciente, a \u00e9t\u00e9 transport\u00e9e. Les parents ont d\u00e9pos\u00e9 plainte au commissariat central.<\/p>\n<p class=\" wall-content\">Personnalisez votre actualit\u00e9 en ajoutant vos villes et m\u00e9dias en favori avec <a href=\"https:\/\/moncompte.actu.fr\" title=\"D\u00e9couvez Mon Actu\" rel=\"nofollow noopener\" data-trk=\"{&quot;cta&quot;:{&quot;action&quot;:&quot;https:\\\/\\\/moncompte.actu.fr&quot;,&quot;category&quot;:&quot;mon compte&quot;,&quot;from&quot;:&quot;article footer&quot;,&quot;name&quot;:&quot;Mon actu&quot;,&quot;type&quot;:&quot;cta&quot;}}\" target=\"_blank\">Mon Actu<\/a>.<\/p>\n","protected":false},"excerpt":{"rendered":"Par Jean-Marc Aubert Publi\u00e9 le 24 oct. 2025 \u00e0 9h26 ; mis \u00e0 jour le 24 oct. 2025&hellip;\n","protected":false},"author":2,"featured_media":487857,"comment_status":"","ping_status":"","sticky":false,"template":"","format":"standard","meta":{"footnotes":""},"categories":[9599],"tags":[1111,11,1777,674,118,1011,27,303,2208,12,2680,1072,25],"class_list":{"0":"post-487856","1":"post","2":"type-post","3":"status-publish","4":"format-standard","5":"has-post-thumbnail","7":"category-montpellier","8":"tag-actu","9":"tag-actualites","10":"tag-eu","11":"tag-europe","12":"tag-faits-divers","13":"tag-fr","14":"tag-france","15":"tag-justice","16":"tag-montpellier","17":"tag-news","18":"tag-occitanie","19":"tag-police","20":"tag-republique-francaise"},"share_on_mastodon":{"url":"https:\/\/pubeurope.com\/@fr\/115431797185964944","error":""},"_links":{"self":[{"href":"https:\/\/www.europesays.com\/fr\/wp-json\/wp\/v2\/posts\/487856","targetHints":{"allow":["GET"]}}],"collection":[{"href":"https:\/\/www.europesays.com\/fr\/wp-json\/wp\/v2\/posts"}],"about":[{"href":"https:\/\/www.europesays.com\/fr\/wp-json\/wp\/v2\/types\/post"}],"author":[{"embeddable":true,"href":"https:\/\/www.europesays.com\/fr\/wp-json\/wp\/v2\/users\/2"}],"replies":[{"embeddable":true,"href":"https:\/\/www.europesays.com\/fr\/wp-json\/wp\/v2\/comments?post=487856"}],"version-history":[{"count":0,"href":"https:\/\/www.europesays.com\/fr\/wp-json\/wp\/v2\/posts\/487856\/revisions"}],"wp:featuredmedia":[{"embeddable":true,"href":"https:\/\/www.europesays.com\/fr\/wp-json\/wp\/v2\/media\/487857"}],"wp:attachment":[{"href":"https:\/\/www.europesays.com\/fr\/wp-json\/wp\/v2\/media?parent=487856"}],"wp:term":[{"taxonomy":"category","embeddable":true,"href":"https:\/\/www.europesays.com\/fr\/wp-json\/wp\/v2\/categories?post=487856"},{"taxonomy":"post_tag","embeddable":true,"href":"https:\/\/www.europesays.com\/fr\/wp-json\/wp\/v2\/tags?post=487856"}],"curies":[{"name":"wp","href":"https:\/\/api.w.org\/{rel}","templated":true}]}}