{"id":487858,"date":"2025-10-24T23:43:19","date_gmt":"2025-10-24T23:43:19","guid":{"rendered":"https:\/\/www.europesays.com\/fr\/487858\/"},"modified":"2025-10-24T23:43:19","modified_gmt":"2025-10-24T23:43:19","slug":"previsions-du-samedi-25-octobre-2025","status":"publish","type":"post","link":"https:\/\/www.europesays.com\/fr\/487858\/","title":{"rendered":"pr\u00e9visions du samedi 25 octobre 2025"},"content":{"rendered":"<p class=\"mb-4 text-lg md:leading-8 break-words\"><strong>M\u00e9t\u00e9o &#8211; Le ciel sera relativement lumineux, avec quelques \u00e9claircies aujourd&rsquo;hui. Les temp\u00e9ratures seront de 15\u00b0C le matin et de 17\u00b0C l&rsquo;apr\u00e8s-midi&#8230;<\/strong><\/p>\n<p class=\"mb-4 text-lg md:leading-8 break-words\">\u00c0 Montpellier, petits et grands pourront passer leur journ\u00e9e sous un ciel un peu nuageux. Il fera environ 16\u00b0C. Dans la matin\u00e9e, les temp\u00e9ratures seront de 15\u00b0C. Un vent d&rsquo;ouest soufflera l\u00e9g\u00e8rement, avec 6 km\/h. Les temp\u00e9ratures seront de 16\u00b0C au plus bas et de 18\u00b0C au plus haut l&rsquo;apr\u00e8s-midi. On pr\u00e9voit des \u00e9claircies pour cette soir\u00e9e. Les valeurs avoisineront les 15\u00b0C. \u00c0 la nuit tomb\u00e9e, le ciel sera d\u00e9pourvu de nuages.<\/p>\n<p class=\"mb-4 text-lg md:leading-8 break-words\">Demain, une diminution du mercure est \u00e0 pr\u00e9voir \u00e0 Montpellier. Les temp\u00e9ratures seront comprises entre 12 et 16\u00b0C. Un vent de nord-ouest, enregistrant 28 km\/h, soufflera. Le soleil appara\u00eet l\u00e9g\u00e8rement le matin. Ces \u00e9claircies devraient r\u00e9jouir les habitants. On anticipe des valeurs d&rsquo;environ 14\u00b0C. Demain apr\u00e8s-midi, les Montpelli\u00e9rains vont pouvoir profiter d&rsquo;un soleil radieux. Les temp\u00e9ratures s&rsquo;\u00e9chelonneront entre 13\u00b0C et 16\u00b0C. La ville aura quelques \u00e9claircies demain soir. Le thermom\u00e8tre affichera 12\u00b0C en moyenne.<\/p>\n<p class=\"mb-4 text-lg md:leading-8 break-words\">Des changements sont attendus les jours suivants. \u00c0 la suite d&rsquo;une journ\u00e9e nuageuse lundi, on s&rsquo;attend \u00e0 une am\u00e9lioration mardi.<\/p>\n<p class=\"mb-4 text-lg md:leading-8 break-words\"><a href=\"https:\/\/www.20minutes.fr\/planete\/previsions-meteo\/4181532-20251025-meteo-montpellier-previsions-samedi-25-octobre-2025?at_medium=RSS%20feed&amp;at_campaign=ynews&amp;utm_source=yahoo&amp;utm_medium=rss&amp;utm_campaign=news_feed&amp;utm_content=read_more_link&quot;\" rel=\"nofollow noopener\" target=\"_blank\" data-ylk=\"slk:Lire la suite sur 20minutes;elm:context_link;itc:0;sec:content-canvas\" class=\"link \">Lire la suite sur 20minutes<\/a><\/p>\n","protected":false},"excerpt":{"rendered":"M\u00e9t\u00e9o &#8211; Le ciel sera relativement lumineux, avec quelques \u00e9claircies aujourd&rsquo;hui. Les temp\u00e9ratures seront de 15\u00b0C le matin&hellip;\n","protected":false},"author":2,"featured_media":487859,"comment_status":"","ping_status":"","sticky":false,"template":"","format":"standard","meta":{"footnotes":""},"categories":[9599],"tags":[1111,11,1777,674,1011,27,55813,44166,2487,2208,12,2680,25,55605],"class_list":{"0":"post-487858","1":"post","2":"type-post","3":"status-publish","4":"format-standard","5":"has-post-thumbnail","7":"category-montpellier","8":"tag-actu","9":"tag-actualites","10":"tag-eu","11":"tag-europe","12":"tag-fr","13":"tag-france","14":"tag-la-nuit-tombee","15":"tag-le-matin","16":"tag-meteo","17":"tag-montpellier","18":"tag-news","19":"tag-occitanie","20":"tag-republique-francaise","21":"tag-vent-douest"},"share_on_mastodon":{"url":"https:\/\/pubeurope.com\/@fr\/115431801023205817","error":""},"_links":{"self":[{"href":"https:\/\/www.europesays.com\/fr\/wp-json\/wp\/v2\/posts\/487858","targetHints":{"allow":["GET"]}}],"collection":[{"href":"https:\/\/www.europesays.com\/fr\/wp-json\/wp\/v2\/posts"}],"about":[{"href":"https:\/\/www.europesays.com\/fr\/wp-json\/wp\/v2\/types\/post"}],"author":[{"embeddable":true,"href":"https:\/\/www.europesays.com\/fr\/wp-json\/wp\/v2\/users\/2"}],"replies":[{"embeddable":true,"href":"https:\/\/www.europesays.com\/fr\/wp-json\/wp\/v2\/comments?post=487858"}],"version-history":[{"count":0,"href":"https:\/\/www.europesays.com\/fr\/wp-json\/wp\/v2\/posts\/487858\/revisions"}],"wp:featuredmedia":[{"embeddable":true,"href":"https:\/\/www.europesays.com\/fr\/wp-json\/wp\/v2\/media\/487859"}],"wp:attachment":[{"href":"https:\/\/www.europesays.com\/fr\/wp-json\/wp\/v2\/media?parent=487858"}],"wp:term":[{"taxonomy":"category","embeddable":true,"href":"https:\/\/www.europesays.com\/fr\/wp-json\/wp\/v2\/categories?post=487858"},{"taxonomy":"post_tag","embeddable":true,"href":"https:\/\/www.europesays.com\/fr\/wp-json\/wp\/v2\/tags?post=487858"}],"curies":[{"name":"wp","href":"https:\/\/api.w.org\/{rel}","templated":true}]}}