{"id":487864,"date":"2025-10-24T23:50:11","date_gmt":"2025-10-24T23:50:11","guid":{"rendered":"https:\/\/www.europesays.com\/fr\/487864\/"},"modified":"2025-10-24T23:50:11","modified_gmt":"2025-10-24T23:50:11","slug":"previsions-du-samedi-25-octobre-2025-2","status":"publish","type":"post","link":"https:\/\/www.europesays.com\/fr\/487864\/","title":{"rendered":"pr\u00e9visions du samedi 25 octobre 2025"},"content":{"rendered":"<p class=\"mb-4 text-lg md:leading-8 break-words\"><strong>M\u00e9t\u00e9o &#8211; Aujourd&rsquo;hui, le soleil sera cach\u00e9 derri\u00e8re des nuages. Des pluies \u00e9parses sont attendues. Les temp\u00e9ratures seront de 11\u00b0C la matin\u00e9e et de 13\u00b0C l&rsquo;apr\u00e8s-midi&#8230;<\/strong><\/p>\n<p class=\"mb-4 text-lg md:leading-8 break-words\">Les nuages en pr\u00e9vision aujourd&rsquo;hui, \u00e0 Rennes, et un ciel encore maussade. On pr\u00e9voit des temp\u00e9ratures d&rsquo;environ 12\u00b0C. Une brise de nord-ouest soufflera l\u00e9g\u00e8rement. Le matin, encore des nuages dans le ciel qui emp\u00eachent le soleil d&rsquo;appara\u00eetre. Des pluies \u00e9parses vont tomber sur la ville. Les valeurs s&rsquo;\u00e9chelonneront entre 9 et 14\u00b0C. Des averses tomberont l&rsquo;apr\u00e8s-midi. Les temp\u00e9ratures seront comprises entre 10\u00b0C et 15\u00b0C. Le soir, le temps sera ponctu\u00e9 par des pluies \u00e9parses. Durant la nuit de samedi \u00e0 dimanche, le ciel sera pluvieux.<\/p>\n<p class=\"mb-4 text-lg md:leading-8 break-words\">Rennes, o\u00f9 des nuages persisteront demain, continuera de guetter le soleil. Une baisse des temp\u00e9ratures est pr\u00e9vue. Les valeurs afficheront entre 7 et 12\u00b0C. La ville sera touch\u00e9e par un vent d&rsquo;ouest de 21 km\/h. La grisaille ne se disperse toujours pas, il y aura encore des nuages le matin. Des pluies \u00e9parses tomberont. Il fera 10\u00b0C en moyenne. Petits et grands pourront appr\u00e9cier leur apr\u00e8s-midi sous un ciel l\u00e9g\u00e8rement nuageux. Les temp\u00e9ratures s&rsquo;\u00e9chelonneront entre 11 et 12\u00b0C. Les nuages seront peu \u00e0 peu visibles au fil de la soir\u00e9e. Le thermom\u00e8tre affichera 11\u00b0C en moyenne.<\/p>\n<p>Publicit\u00e9<\/p>\n<p>Publicit\u00e9<\/p>\n<p>Publicit\u00e9<\/p>\n<p>Publicit\u00e9<\/p>\n<p class=\"mb-4 text-lg md:leading-8 break-words\">Les conditions m\u00e9t\u00e9orologiques des jours qui suivent vont changer peu \u00e0 peu. Les conditions m\u00e9t\u00e9orologiques se maintiendront lundi mais une am\u00e9lioration s&rsquo;ensuivra mardi.<\/p>\n<p class=\"mb-4 text-lg md:leading-8 break-words\"><a href=\"https:\/\/www.20minutes.fr\/planete\/previsions-meteo\/4181533-20251025-meteo-rennes-previsions-samedi-25-octobre-2025?at_medium=RSS%20feed&amp;at_campaign=ynews&amp;utm_source=yahoo&amp;utm_medium=rss&amp;utm_campaign=news_feed&amp;utm_content=read_more_link&quot;\" rel=\"nofollow noopener\" target=\"_blank\" data-ylk=\"slk:Lire la suite sur 20minutes;elm:context_link;itc:0;sec:content-canvas\" class=\"link \">Lire la suite sur 20minutes<\/a><\/p>\n","protected":false},"excerpt":{"rendered":"M\u00e9t\u00e9o &#8211; Aujourd&rsquo;hui, le soleil sera cach\u00e9 derri\u00e8re des nuages. Des pluies \u00e9parses sont attendues. Les temp\u00e9ratures seront&hellip;\n","protected":false},"author":2,"featured_media":487865,"comment_status":"","ping_status":"","sticky":false,"template":"","format":"standard","meta":{"footnotes":""},"categories":[2821],"tags":[1111,11,829,57946,1777,674,1011,27,6172,12,584,25,55605],"class_list":{"0":"post-487864","1":"post","2":"type-post","3":"status-publish","4":"format-standard","5":"has-post-thumbnail","7":"category-rennes","8":"tag-actu","9":"tag-actualites","10":"tag-bretagne","11":"tag-conditions-meteorologiques","12":"tag-eu","13":"tag-europe","14":"tag-fr","15":"tag-france","16":"tag-le-soleil","17":"tag-news","18":"tag-rennes","19":"tag-republique-francaise","20":"tag-vent-douest"},"share_on_mastodon":{"url":"https:\/\/pubeurope.com\/@fr\/115431828622682436","error":""},"_links":{"self":[{"href":"https:\/\/www.europesays.com\/fr\/wp-json\/wp\/v2\/posts\/487864","targetHints":{"allow":["GET"]}}],"collection":[{"href":"https:\/\/www.europesays.com\/fr\/wp-json\/wp\/v2\/posts"}],"about":[{"href":"https:\/\/www.europesays.com\/fr\/wp-json\/wp\/v2\/types\/post"}],"author":[{"embeddable":true,"href":"https:\/\/www.europesays.com\/fr\/wp-json\/wp\/v2\/users\/2"}],"replies":[{"embeddable":true,"href":"https:\/\/www.europesays.com\/fr\/wp-json\/wp\/v2\/comments?post=487864"}],"version-history":[{"count":0,"href":"https:\/\/www.europesays.com\/fr\/wp-json\/wp\/v2\/posts\/487864\/revisions"}],"wp:featuredmedia":[{"embeddable":true,"href":"https:\/\/www.europesays.com\/fr\/wp-json\/wp\/v2\/media\/487865"}],"wp:attachment":[{"href":"https:\/\/www.europesays.com\/fr\/wp-json\/wp\/v2\/media?parent=487864"}],"wp:term":[{"taxonomy":"category","embeddable":true,"href":"https:\/\/www.europesays.com\/fr\/wp-json\/wp\/v2\/categories?post=487864"},{"taxonomy":"post_tag","embeddable":true,"href":"https:\/\/www.europesays.com\/fr\/wp-json\/wp\/v2\/tags?post=487864"}],"curies":[{"name":"wp","href":"https:\/\/api.w.org\/{rel}","templated":true}]}}