{"id":487868,"date":"2025-10-24T23:52:10","date_gmt":"2025-10-24T23:52:10","guid":{"rendered":"https:\/\/www.europesays.com\/fr\/487868\/"},"modified":"2025-10-24T23:52:10","modified_gmt":"2025-10-24T23:52:10","slug":"previsions-du-samedi-25-octobre-2025-3","status":"publish","type":"post","link":"https:\/\/www.europesays.com\/fr\/487868\/","title":{"rendered":"pr\u00e9visions du samedi 25 octobre 2025"},"content":{"rendered":"<p class=\"mb-4 text-lg md:leading-8 break-words\"><strong>M\u00e9t\u00e9o &#8211; La grisaille ne se disperse toujours pas, il y aura encore des nuages aujourd&rsquo;hui. Des pluies \u00e9parses sont pr\u00e9vues. Les temp\u00e9ratures seront de 11\u00b0C toute la journ\u00e9e&#8230;<\/strong><\/p>\n<p class=\"mb-4 text-lg md:leading-8 break-words\">On observera la pr\u00e9sence persistante de nuages aujourd&rsquo;hui \u00e0 Strasbourg. Il va faire environ 10\u00b0C. Une l\u00e9g\u00e8re brise de sud-ouest sera ressentie par les habitants. De l\u00e9g\u00e8res averses rendront la matin\u00e9e morose. Les valeurs seront de 10\u00b0C au minimum et de 11\u00b0C au maximum. Des pluies \u00e9parses tomberont dans l&rsquo;apr\u00e8s-midi. Les maximales iront jusqu&rsquo;\u00e0 12\u00b0C alors que les minimales seront de 9\u00b0C. Le soir, le temps sera ponctu\u00e9 par des pluies \u00e9parses. Les temp\u00e9ratures seront comprises entre 8 et 9\u00b0C. Entre samedi et dimanche, la nuit sera pluvieuse.<\/p>\n<p class=\"mb-4 text-lg md:leading-8 break-words\">Le soleil se fera attendre demain sur Strasbourg, o\u00f9 des nuages sont bien install\u00e9s. Une baisse des temp\u00e9ratures est \u00e0 pr\u00e9voir. On pr\u00e9voit des valeurs avoisinant 7\u00b0C. Un vent de sud-ouest rafra\u00eechira sensiblement l&rsquo;atmosph\u00e8re. En revanche, le ciel va quelque peu se d\u00e9gager dans la matin\u00e9e avec des \u00e9claircies. Il fera 7\u00b0C en moyenne. Un ciel voil\u00e9 avec un d\u00e9veloppement de nuages est pr\u00e9vu dans l&rsquo;apr\u00e8s-midi. Il va pleuvoir. Les temp\u00e9ratures s&rsquo;\u00e9chelonneront entre 6 et 8\u00b0C. Demain soir, encore des nuages dans le ciel qui emp\u00eachent le soleil d&rsquo;appara\u00eetre. Des pluies \u00e9parses sont pr\u00e9vues. Les valeurs seront de 6\u00b0C.<\/p>\n<p class=\"mb-4 text-lg md:leading-8 break-words\">Les conditions m\u00e9t\u00e9orologiques des jours suivants vont \u00e9voluer progressivement. Le temps persistera lundi mais une am\u00e9lioration s&rsquo;ensuivra mardi.<\/p>\n<p class=\"mb-4 text-lg md:leading-8 break-words\"><a href=\"https:\/\/www.20minutes.fr\/planete\/previsions-meteo\/4181530-20251025-meteo-strasbourg-previsions-samedi-25-octobre-2025?at_medium=RSS%20feed&amp;at_campaign=ynews&amp;utm_source=yahoo&amp;utm_medium=rss&amp;utm_campaign=news_feed&amp;utm_content=read_more_link&quot;\" rel=\"nofollow noopener\" target=\"_blank\" data-ylk=\"slk:Lire la suite sur 20minutes;elm:context_link;itc:0;sec:content-canvas\" class=\"link \">Lire la suite sur 20minutes<\/a><\/p>\n","protected":false},"excerpt":{"rendered":"M\u00e9t\u00e9o &#8211; La grisaille ne se disperse toujours pas, il y aura encore des nuages aujourd&rsquo;hui. Des pluies&hellip;\n","protected":false},"author":2,"featured_media":487869,"comment_status":"","ping_status":"","sticky":false,"template":"","format":"standard","meta":{"footnotes":""},"categories":[2820],"tags":[1111,11,1777,674,1011,27,775,51394,2487,12,25,640],"class_list":{"0":"post-487868","1":"post","2":"type-post","3":"status-publish","4":"format-standard","5":"has-post-thumbnail","7":"category-strasbourg","8":"tag-actu","9":"tag-actualites","10":"tag-eu","11":"tag-europe","12":"tag-fr","13":"tag-france","14":"tag-grand-est","15":"tag-la-matinee","16":"tag-meteo","17":"tag-news","18":"tag-republique-francaise","19":"tag-strasbourg"},"share_on_mastodon":{"url":"https:\/\/pubeurope.com\/@fr\/115431836448120346","error":""},"_links":{"self":[{"href":"https:\/\/www.europesays.com\/fr\/wp-json\/wp\/v2\/posts\/487868","targetHints":{"allow":["GET"]}}],"collection":[{"href":"https:\/\/www.europesays.com\/fr\/wp-json\/wp\/v2\/posts"}],"about":[{"href":"https:\/\/www.europesays.com\/fr\/wp-json\/wp\/v2\/types\/post"}],"author":[{"embeddable":true,"href":"https:\/\/www.europesays.com\/fr\/wp-json\/wp\/v2\/users\/2"}],"replies":[{"embeddable":true,"href":"https:\/\/www.europesays.com\/fr\/wp-json\/wp\/v2\/comments?post=487868"}],"version-history":[{"count":0,"href":"https:\/\/www.europesays.com\/fr\/wp-json\/wp\/v2\/posts\/487868\/revisions"}],"wp:featuredmedia":[{"embeddable":true,"href":"https:\/\/www.europesays.com\/fr\/wp-json\/wp\/v2\/media\/487869"}],"wp:attachment":[{"href":"https:\/\/www.europesays.com\/fr\/wp-json\/wp\/v2\/media?parent=487868"}],"wp:term":[{"taxonomy":"category","embeddable":true,"href":"https:\/\/www.europesays.com\/fr\/wp-json\/wp\/v2\/categories?post=487868"},{"taxonomy":"post_tag","embeddable":true,"href":"https:\/\/www.europesays.com\/fr\/wp-json\/wp\/v2\/tags?post=487868"}],"curies":[{"name":"wp","href":"https:\/\/api.w.org\/{rel}","templated":true}]}}