{"id":487872,"date":"2025-10-24T23:54:10","date_gmt":"2025-10-24T23:54:10","guid":{"rendered":"https:\/\/www.europesays.com\/fr\/487872\/"},"modified":"2025-10-24T23:54:10","modified_gmt":"2025-10-24T23:54:10","slug":"previsions-du-samedi-25-octobre-2025-4","status":"publish","type":"post","link":"https:\/\/www.europesays.com\/fr\/487872\/","title":{"rendered":"pr\u00e9visions du samedi 25 octobre 2025"},"content":{"rendered":"<p class=\"mb-4 text-lg md:leading-8 break-words\"><strong>M\u00e9t\u00e9o &#8211; C&rsquo;est un soleil magnifique qui va briller aujourd&rsquo;hui. Les temp\u00e9ratures seront de 15\u00b0C le matin et de 19\u00b0C l&rsquo;apr\u00e8s-midi&#8230;<\/strong><\/p>\n<p class=\"mb-4 text-lg md:leading-8 break-words\">Le soleil sera dominant, la garantie d&rsquo;une belle journ\u00e9e \u00e0 Nice ! Il va faire 16\u00b0C en moyenne. Le matin, une petite brise de nord-ouest sera ressentie par les habitants. L&rsquo;apr\u00e8s-midi, c&rsquo;est une hausse de quelques degr\u00e9s que vont conna\u00eetre les temp\u00e9ratures. Les valeurs afficheront entre 17 et 20\u00b0C. La ville sera touch\u00e9e par un vent de sud-ouest de 23 km\/h. Le ciel va s&rsquo;\u00e9claircir dans la soir\u00e9e. On s&rsquo;attend \u00e0 une nuit claire entre samedi et dimanche.<\/p>\n<p class=\"mb-4 text-lg md:leading-8 break-words\">Demain, le mercure va descendre de quelques degr\u00e9s \u00e0 Nice. Il fera en moyenne 15\u00b0C. Le matin, le vent va progressivement chasser la grisaille. Un l\u00e9ger vent de nord-ouest soufflera. Cet apr\u00e8s-midi sera synonyme de grand soleil. Les temp\u00e9ratures s&rsquo;\u00e9chelonneront entre 15 et 18\u00b0C. Des \u00e9claircies feront leur apparition dans la soir\u00e9e. Les temp\u00e9ratures tourneront autour des 13\u00b0C. Un vent de nord-ouest soufflera l\u00e9g\u00e8rement, avec 10 km\/h.<\/p>\n<p class=\"mb-4 text-lg md:leading-8 break-words\">Les jours suivants s&rsquo;annoncent similaires. Il fera 14\u00b0C en moyenne pour des journ\u00e9es avec un temps ensoleill\u00e9.<\/p>\n<p class=\"mb-4 text-lg md:leading-8 break-words\"><a href=\"https:\/\/www.20minutes.fr\/planete\/previsions-meteo\/4181534-20251025-meteo-nice-previsions-samedi-25-octobre-2025?at_medium=RSS%20feed&amp;at_campaign=ynews&amp;utm_source=yahoo&amp;utm_medium=rss&amp;utm_campaign=news_feed&amp;utm_content=read_more_link&quot;\" rel=\"nofollow noopener\" target=\"_blank\" data-ylk=\"slk:Lire la suite sur 20minutes;elm:context_link;itc:0;sec:content-canvas\" class=\"link \">Lire la suite sur 20minutes<\/a><\/p>\n","protected":false},"excerpt":{"rendered":"M\u00e9t\u00e9o &#8211; C&rsquo;est un soleil magnifique qui va briller aujourd&rsquo;hui. Les temp\u00e9ratures seront de 15\u00b0C le matin et&hellip;\n","protected":false},"author":2,"featured_media":487873,"comment_status":"","ping_status":"","sticky":false,"template":"","format":"standard","meta":{"footnotes":""},"categories":[2819],"tags":[1111,11,28358,1777,674,1011,27,44166,2487,12,2401,882,25],"class_list":{"0":"post-487872","1":"post","2":"type-post","3":"status-publish","4":"format-standard","5":"has-post-thumbnail","7":"category-nice","8":"tag-actu","9":"tag-actualites","10":"tag-belle-journee","11":"tag-eu","12":"tag-europe","13":"tag-fr","14":"tag-france","15":"tag-le-matin","16":"tag-meteo","17":"tag-news","18":"tag-nice","19":"tag-provence-alpes-cote-dazur","20":"tag-republique-francaise"},"share_on_mastodon":{"url":"https:\/\/pubeurope.com\/@fr\/115431844370562551","error":""},"_links":{"self":[{"href":"https:\/\/www.europesays.com\/fr\/wp-json\/wp\/v2\/posts\/487872","targetHints":{"allow":["GET"]}}],"collection":[{"href":"https:\/\/www.europesays.com\/fr\/wp-json\/wp\/v2\/posts"}],"about":[{"href":"https:\/\/www.europesays.com\/fr\/wp-json\/wp\/v2\/types\/post"}],"author":[{"embeddable":true,"href":"https:\/\/www.europesays.com\/fr\/wp-json\/wp\/v2\/users\/2"}],"replies":[{"embeddable":true,"href":"https:\/\/www.europesays.com\/fr\/wp-json\/wp\/v2\/comments?post=487872"}],"version-history":[{"count":0,"href":"https:\/\/www.europesays.com\/fr\/wp-json\/wp\/v2\/posts\/487872\/revisions"}],"wp:featuredmedia":[{"embeddable":true,"href":"https:\/\/www.europesays.com\/fr\/wp-json\/wp\/v2\/media\/487873"}],"wp:attachment":[{"href":"https:\/\/www.europesays.com\/fr\/wp-json\/wp\/v2\/media?parent=487872"}],"wp:term":[{"taxonomy":"category","embeddable":true,"href":"https:\/\/www.europesays.com\/fr\/wp-json\/wp\/v2\/categories?post=487872"},{"taxonomy":"post_tag","embeddable":true,"href":"https:\/\/www.europesays.com\/fr\/wp-json\/wp\/v2\/tags?post=487872"}],"curies":[{"name":"wp","href":"https:\/\/api.w.org\/{rel}","templated":true}]}}