{"id":48788,"date":"2025-04-24T09:09:12","date_gmt":"2025-04-24T09:09:12","guid":{"rendered":"https:\/\/www.europesays.com\/fr\/48788\/"},"modified":"2025-04-24T09:09:12","modified_gmt":"2025-04-24T09:09:12","slug":"comment-le-rearmement-de-leurope-peut-profiter-a-lindustrie-francaise","status":"publish","type":"post","link":"https:\/\/www.europesays.com\/fr\/48788\/","title":{"rendered":"Comment le r\u00e9armement de l\u2019Europe peut profiter \u00e0 l\u2019industrie fran\u00e7aise"},"content":{"rendered":"<p>      <img fetchpriority=\"high\" decoding=\"async\" class=\"mx-auto\" src=\"data:image\/svg+xml,%3Csvg%20xmlns%3D%27http%3A%2F%2Fwww.w3.org%2F2000%2Fsvg%27%20fill%3D%22%23e4e4e4%22%20viewBox%3D%270%200%20510%20340%27%20width%3D%22510%22%20height%3D%22340%22%3E%3Cpath%20d%3D%27M0%200h510v340H0z%27%2F%3E%3C%2Fsvg%3E\"  loading=\"eager\" width=\"510\" height=\"340\" data-oncrawl-image-size=\"510x340\" alt=\"Un Rafale sur la base a\u00e9rienne de la marine nationale de Landivisiau, dans le Finist\u00e8re, le 16\u00a0avril 2025. L\u2019avion de combat porte la hausse des exportations fran\u00e7aises d\u2019armement.\"\/>      <\/p>\n<p class=\"latino-100m text-grey-600\">\n            Un Rafale sur la base a\u00e9rienne de la marine nationale de Landivisiau, dans le Finist\u00e8re, le 16\u00a0avril 2025. L\u2019avion de combat porte la hausse des exportations fran\u00e7aises d\u2019armement.\u00a0FRED TANNEAU\/AFP        <\/p>\n<p>    Lire\u00a0plus\u00a0tard  <\/p>\n<p><a aria-label=\"Nous suivre sur Google News\" href=\"https:\/\/news.google.com\/publications\/CAAqBwgKMJe4nQkw3dFs?hl=fr&amp;gl=FR&amp;ceid=FR%3Afr\" target=\"_blank\" data-piano=\"Page_Article,Sous_date_publi,Nous_suivre_sur_google_news,1er_clic,action\" class=\"btn btn--small btn--secondary\" rel=\"nofollow noopener\"><\/p>\n<p>      Google Actualit\u00e9s<br \/>\n  <\/a><\/p>\n<p>  Partager<\/p>\n<p>        Facebook<\/p>\n<p>        Bluesky<\/p>\n<p>        E-mail<\/p>\n<p>        Copier le lien<\/p>\n<p>      Envoyer<\/p>\n<p>    Offrir\u00a0cet\u00a0article<\/p>\n<p>S\u2019abonner permet d\u2019offrir les articles \u00e0 vos proches. Et pas que\u00a0: vous pouvez les consulter et les commenter.<\/p>\n<p>    Temps de lecture\u00a0:\u00a04\u00a0min.<\/p>\n<p class=\"badge badge--content-premium latino-100b\">Abonn\u00e9<\/p>\n<p class=\"article__description latino-600m mb-20 mb-lg-30 \" data-oncrawl-chapo-length=\"242\">\n  \t  D\u00e9cryptage\u00a0<br \/>\n    Face \u00e0 une Russie bellig\u00e9rante et des Etats-Unis de moins en moins fiables, le Vieux Continent d\u00e9cide de se \u00ab\u00a0r\u00e9armer\u00a0\u00bb. Une opportunit\u00e9 pour les industriels fran\u00e7ais, tant que l\u2019Etat les soutient face \u00e0 une concurrence \u00e0 bas co\u00fbt.<\/p>\n<p class=\"latino-500b text-grey-600\">Pour aller plus loin<\/p>\n<p class=\"node__paragraphe antonia-750r text-grey-800 pb-20 pb-md-30\">\nLes voisins ont entendu les vrombissements sans discontinuer. Ce vendredi 11\u00a0avril, dans le ciel couvert de Leeuwarden, dans le nord des Pays-Bas, 90\u00a0avions de combat venus de 15\u00a0pays d\u2019Europe et d\u2019Am\u00e9rique du Nord se sont pr\u00eat\u00e9s \u00e0 un impressionnant balai lors d\u2019exercices militaires sous la houlette de l\u2019Otan. Objectif annonc\u00e9\u00a0: s\u2019entra\u00eener \u00e0 \u00ab\u00a0travailler\u00a0\u00bb ensemble afin de \u00ab\u00a0maintenir la sup\u00e9riorit\u00e9 a\u00e9rienne [en cas de] conflit potentiel\u00a0\u00bb. Montrer deux alli\u00e9s qui se ravitaillent dans les airs permet d\u2019afficher une belle unit\u00e9 de fa\u00e7ade. Mais, en coulisses, une seule pr\u00e9occupation domine\u00a0: l\u2019Alliance vit-elle ses derniers instants\u00a0?<\/p>\n<p class=\"node__paragraphe antonia-750r text-grey-800 pb-10\">\nDepuis son retour \u00e0 la Maison-Blanche, Donald Trump ne cesse de <a href=\"https:\/\/www.nouvelobs.com\/monde\/20241114.OBS96355\/l-otan-a-nouveau-face-a-trump-l-europe-doit-montrer-ses-muscles-elle-a-aussi-des-moyens-de-pression.html\" rel=\"nofollow noopener\" target=\"_blank\">remettre en cause le Trait\u00e9 de l\u2019Atlantique Nord<\/a>, insinuant que les Etats-Unis ne viendraient pas en aide \u00e0 ses alli\u00e9s \u2013 dont la France \u2013 s\u2019ils \u00e9taient attaqu\u00e9s, sous pr\u00e9texte qu\u2019ils ne d\u00e9pensent pas assez pour leur d\u00e9fense. Ce spectre d\u2019un d\u00e9sengagement militaire, qui pourrait se traduire par le rapatriement des 100\u00a0000\u00a0soldats am\u00e9ricains pr\u00e9sents sur le Vieux Continent, fait fr\u00e9mi\u2026<\/p>\n<p class=\"latino-100m text-blue-400\">Article r\u00e9serv\u00e9 aux abonn\u00e9s.<\/p>\n<p>    Se connecter<\/p>\n<p class=\"teaser text-center\">Envie de lire la suite ?<\/p>\n<p class=\"benefits text-center pb-5\">Tous nos articles en int\u00e9gralit\u00e9 d\u00e8s 1\u20ac<\/p>\n<p>        S&rsquo;abonner<\/p>\n<p class=\"text-grey-700 or\">ou<\/p>\n<p>            <img width=\"164\" height=\"20\" src=\"data:image\/svg+xml,%3Csvg%20xmlns%3D%27http%3A%2F%2Fwww.w3.org%2F2000%2Fsvg%27%20fill%3D%22%23e4e4e4%22%20viewBox%3D%270%200%20282%2054%27%20width%3D%22282%22%20height%3D%2254%22%3E%3Cpath%20d%3D%27M0%200h282v54H0z%27%2F%3E%3C%2Fsvg%3E\"  class=\"js-swg-placeholder\" alt=\"Subscribe with Google\" loading=\"lazy\" decoding=\"async\"\/><\/p>\n","protected":false},"excerpt":{"rendered":"Un Rafale sur la base a\u00e9rienne de la marine nationale de Landivisiau, dans le Finist\u00e8re, le 16\u00a0avril 2025.&hellip;\n","protected":false},"author":2,"featured_media":48789,"comment_status":"","ping_status":"","sticky":false,"template":"","format":"standard","meta":{"footnotes":""},"categories":[1586],"tags":[17,11,33,1777,674,1011,26,27,3535,693,12,4433,12709,25],"class_list":{"0":"post-48788","1":"post","2":"type-post","3":"status-publish","4":"format-standard","5":"has-post-thumbnail","7":"category-europe","8":"tag-17","9":"tag-actualites","10":"tag-economie","11":"tag-eu","12":"tag-europe","13":"tag-fr","14":"tag-francaise","15":"tag-france","16":"tag-geopolitique","17":"tag-industrie","18":"tag-news","19":"tag-profiter","20":"tag-rearmement","21":"tag-republique-francaise"},"share_on_mastodon":{"url":"https:\/\/pubeurope.com\/@fr\/114392161535762607","error":""},"_links":{"self":[{"href":"https:\/\/www.europesays.com\/fr\/wp-json\/wp\/v2\/posts\/48788","targetHints":{"allow":["GET"]}}],"collection":[{"href":"https:\/\/www.europesays.com\/fr\/wp-json\/wp\/v2\/posts"}],"about":[{"href":"https:\/\/www.europesays.com\/fr\/wp-json\/wp\/v2\/types\/post"}],"author":[{"embeddable":true,"href":"https:\/\/www.europesays.com\/fr\/wp-json\/wp\/v2\/users\/2"}],"replies":[{"embeddable":true,"href":"https:\/\/www.europesays.com\/fr\/wp-json\/wp\/v2\/comments?post=48788"}],"version-history":[{"count":0,"href":"https:\/\/www.europesays.com\/fr\/wp-json\/wp\/v2\/posts\/48788\/revisions"}],"wp:featuredmedia":[{"embeddable":true,"href":"https:\/\/www.europesays.com\/fr\/wp-json\/wp\/v2\/media\/48789"}],"wp:attachment":[{"href":"https:\/\/www.europesays.com\/fr\/wp-json\/wp\/v2\/media?parent=48788"}],"wp:term":[{"taxonomy":"category","embeddable":true,"href":"https:\/\/www.europesays.com\/fr\/wp-json\/wp\/v2\/categories?post=48788"},{"taxonomy":"post_tag","embeddable":true,"href":"https:\/\/www.europesays.com\/fr\/wp-json\/wp\/v2\/tags?post=48788"}],"curies":[{"name":"wp","href":"https:\/\/api.w.org\/{rel}","templated":true}]}}