{"id":487880,"date":"2025-10-24T23:58:13","date_gmt":"2025-10-24T23:58:13","guid":{"rendered":"https:\/\/www.europesays.com\/fr\/487880\/"},"modified":"2025-10-24T23:58:13","modified_gmt":"2025-10-24T23:58:13","slug":"previsions-du-samedi-25-octobre-2025-5","status":"publish","type":"post","link":"https:\/\/www.europesays.com\/fr\/487880\/","title":{"rendered":"pr\u00e9visions du samedi 25 octobre 2025"},"content":{"rendered":"<p class=\"mb-4 text-lg md:leading-8 break-words\"><strong>M\u00e9t\u00e9o &#8211; Encore de la grisaille aujourd&rsquo;hui. Les nuages vont stationner. Du mauvais temps est \u00e0 pr\u00e9voir. Des pluies \u00e9parses vont tomber. Les temp\u00e9ratures seront de 15\u00b0C tout au long de la journ\u00e9e&#8230;<\/strong><\/p>\n<p class=\"mb-4 text-lg md:leading-8 break-words\">Le soleil peinera \u00e0 percer au milieu des nuages qui persisteront sur Bordeaux dans la journ\u00e9e. Les temp\u00e9ratures tourneront autour des 14\u00b0C. Il y a une menace d&rsquo;averses le matin. Les temp\u00e9ratures s&rsquo;\u00e9chelonneront entre 13 et 16\u00b0C. Un vent de sud-ouest est attendu : il soufflera \u00e0 23 km\/h. L&rsquo;apr\u00e8s-midi, le temps sera ponctu\u00e9 par des pluies \u00e9parses. Les valeurs afficheront entre 14\u00b0C et 16\u00b0C. Des pluies \u00e9parses vont tomber tout au long de la soir\u00e9e. Le thermom\u00e8tre affichera 12\u00b0C en moyenne. Le ciel sera pluvieux dans la nuit de samedi \u00e0 dimanche.<\/p>\n<p class=\"mb-4 text-lg md:leading-8 break-words\">Bordeaux, o\u00f9 des nuages subsisteront demain, continuera de guetter le soleil. Il faudra anticiper des perturbations, les Bordelais se retrouveront sous des pluies \u00e9parses. Une baisse des temp\u00e9ratures est \u00e0 craindre. On pr\u00e9voit des temp\u00e9ratures d&rsquo;environ 13\u00b0C. Un vent de nord-ouest rafra\u00eechira un peu l&rsquo;atmosph\u00e8re. Le matin, des nuages ne voudront pas laisser leur place au soleil. Les valeurs seront comprises entre 11 et 13\u00b0C. On notera la pr\u00e9sence persistante de nuages demain apr\u00e8s-midi. Les maximales iront jusqu&rsquo;\u00e0 15\u00b0C et les minimales seront de 12\u00b0C. Les nuages \u00e0 pr\u00e9voir demain soir, et un ciel encore gris. Des pluies \u00e9parses sont pr\u00e9vues. Il va faire environ 12\u00b0C.<\/p>\n<p class=\"mb-4 text-lg md:leading-8 break-words\">La m\u00e9t\u00e9o des jours suivants va changer peu \u00e0 peu. Apr\u00e8s une m\u00e9t\u00e9o stable lundi, la situation changera mardi.<\/p>\n<p class=\"mb-4 text-lg md:leading-8 break-words\"><a href=\"https:\/\/www.20minutes.fr\/planete\/previsions-meteo\/4181529-20251025-meteo-bordeaux-previsions-samedi-25-octobre-2025?at_medium=RSS%20feed&amp;at_campaign=ynews&amp;utm_source=yahoo&amp;utm_medium=rss&amp;utm_campaign=news_feed&amp;utm_content=read_more_link&quot;\" rel=\"nofollow noopener\" target=\"_blank\" data-ylk=\"slk:Lire la suite sur 20minutes;elm:context_link;itc:0;sec:content-canvas\" class=\"link \">Lire la suite sur 20minutes<\/a><\/p>\n","protected":false},"excerpt":{"rendered":"M\u00e9t\u00e9o &#8211; Encore de la grisaille aujourd&rsquo;hui. Les nuages vont stationner. Du mauvais temps est \u00e0 pr\u00e9voir. Des&hellip;\n","protected":false},"author":2,"featured_media":487881,"comment_status":"","ping_status":"","sticky":false,"template":"","format":"standard","meta":{"footnotes":""},"categories":[2817],"tags":[1111,11,1997,1777,674,1011,27,56020,12,2219,25],"class_list":{"0":"post-487880","1":"post","2":"type-post","3":"status-publish","4":"format-standard","5":"has-post-thumbnail","7":"category-bordeaux","8":"tag-actu","9":"tag-actualites","10":"tag-bordeaux","11":"tag-eu","12":"tag-europe","13":"tag-fr","14":"tag-france","15":"tag-mauvais-temps","16":"tag-news","17":"tag-nouvelle-aquitaine","18":"tag-republique-francaise"},"share_on_mastodon":{"url":"https:\/\/pubeurope.com\/@fr\/115431860615377421","error":""},"_links":{"self":[{"href":"https:\/\/www.europesays.com\/fr\/wp-json\/wp\/v2\/posts\/487880","targetHints":{"allow":["GET"]}}],"collection":[{"href":"https:\/\/www.europesays.com\/fr\/wp-json\/wp\/v2\/posts"}],"about":[{"href":"https:\/\/www.europesays.com\/fr\/wp-json\/wp\/v2\/types\/post"}],"author":[{"embeddable":true,"href":"https:\/\/www.europesays.com\/fr\/wp-json\/wp\/v2\/users\/2"}],"replies":[{"embeddable":true,"href":"https:\/\/www.europesays.com\/fr\/wp-json\/wp\/v2\/comments?post=487880"}],"version-history":[{"count":0,"href":"https:\/\/www.europesays.com\/fr\/wp-json\/wp\/v2\/posts\/487880\/revisions"}],"wp:featuredmedia":[{"embeddable":true,"href":"https:\/\/www.europesays.com\/fr\/wp-json\/wp\/v2\/media\/487881"}],"wp:attachment":[{"href":"https:\/\/www.europesays.com\/fr\/wp-json\/wp\/v2\/media?parent=487880"}],"wp:term":[{"taxonomy":"category","embeddable":true,"href":"https:\/\/www.europesays.com\/fr\/wp-json\/wp\/v2\/categories?post=487880"},{"taxonomy":"post_tag","embeddable":true,"href":"https:\/\/www.europesays.com\/fr\/wp-json\/wp\/v2\/tags?post=487880"}],"curies":[{"name":"wp","href":"https:\/\/api.w.org\/{rel}","templated":true}]}}