{"id":487882,"date":"2025-10-24T23:59:15","date_gmt":"2025-10-24T23:59:15","guid":{"rendered":"https:\/\/www.europesays.com\/fr\/487882\/"},"modified":"2025-10-24T23:59:15","modified_gmt":"2025-10-24T23:59:15","slug":"toulouse-un-homme-se-glisse-en-erection-dans-le-lit-dune-femme-le-tribunal-ecarte-lagression-sexuelle","status":"publish","type":"post","link":"https:\/\/www.europesays.com\/fr\/487882\/","title":{"rendered":"Toulouse : un homme se glisse en \u00e9rection dans le lit d\u2019une femme, le tribunal \u00e9carte l\u2019agression sexuelle"},"content":{"rendered":"<p>                                            Faits divers\n                                                                            <\/p>\n<p>\n                                            En pleine nuit, le 21 septembre, \u00e0 Toulouse, un homme de 48 ans s\u2019est introduit dans une chambre et s\u2019est gliss\u00e9 avec le sexe en \u00e9rection dans le lit d&rsquo;une femme apr\u00e8s le d\u00e9part de son mari. Poursuivi pour agression sexuelle, il a finalement \u00e9t\u00e9 condamn\u00e9 uniquement pour \u201cviolation de domicile\u201d par le tribunal correctionnel.                                        <\/p>\n<p>                                                Publi\u00e9 le 24 octobre 2025 \u00e0 14h48                                                                                            <\/p>\n<p>                                            <img loading=\"lazy\" width=\"1024\" height=\"768\" src=\"https:\/\/www.europesays.com\/fr\/wp-content\/uploads\/2025\/10\/judge-g43f55eac7_1920-1.jpg\" class=\"attachment-post-thumbnail size-post-thumbnail wp-post-image\" alt=\"Un homme a comparu devant le tribunal correctionnel de Toulouse pour des faits survenus le 21 septembre. \u00a9 PIXABAY\" decoding=\"async\"  \/><\/p>\n<p>                                            Un homme a comparu devant le tribunal correctionnel de Toulouse pour des faits survenus le 21 septembre. \u00a9 PIXABAY<\/p>\n<p>Les faits se sont d\u00e9roul\u00e9s dans la nuit du 21 septembre \u00e0 Toulouse. Alors que son mari \u00e9tait sorti promener le chien, <a href=\"https:\/\/www.valeursactuelles.com\/faits-divers\/je-me-suis-vue-mourir-une-bresilienne-de-26-ans-victime-dune-tentative-de-viol-dans-le-rer-c\" target=\"_blank\" rel=\"noopener\">une femme<\/a> s\u2019est retrouv\u00e9e face \u00e0 un inconnu qui s\u2019\u00e9tait introduit chez elle, rapporte <a href=\"https:\/\/www.ladepeche.fr\/2025\/10\/20\/il-attend-que-le-mari-sorte-promener-le-chien-pour-sintroduire-en-erection-dans-le-lit-de-la-femme-13004248.php\" target=\"_blank\" rel=\"nofollow noopener\">La D\u00e9p\u00eache du Midi<\/a>. L\u2019homme de 48 ans s\u2019est gliss\u00e9 dans son lit, le sexe en \u00e9rection, sans prononcer un mot. Terrifi\u00e9e, <a href=\"https:\/\/www.valeursactuelles.com\/societe\/viol-de-claire-geronimi-certaines-associations-nont-pas-voulu-maider-denonce-la-victime\" target=\"_blank\" rel=\"noopener\">la victime<\/a> a cri\u00e9, ce qui a alert\u00e9 son mari qui est revenu pr\u00e9cipitamment et a r\u00e9ussi \u00e0 immobiliser l\u2019intrus jusqu\u2019\u00e0 l\u2019arriv\u00e9e de la police.<\/p>\n<p><a href=\"https:\/\/www.valeursactuelles.com\/regions\/normandie\/calvados\/caen\/faits-divers\/caen-une-jeune-fille-de-16-ans-agressee-sexuellement-par-un-algerien-sous-oqtf-arme-dun-couteau\" class=\"h-flex h-align-items-center h-border-tb h-ptb-15\" target=\"_blank\" rel=\"noopener\">A\u00a0LIRE\u00a0Caen : une jeune fille de 16 ans agress\u00e9e sexuellement par un Alg\u00e9rien sous OQTF arm\u00e9 d\u2019un couteau<\/a>                    <img decoding=\"async\" src=\"https:\/\/www.europesays.com\/fr\/wp-content\/uploads\/2025\/10\/1761350355_133_maxresdefault.jpg\" alt=\"Vid\u00e9o YouTube\" style=\"width: 100%; height: auto; display: block;\"\/><\/p>\n<p>                        Chargement\u2026                    <\/p>\n<p>Les faits requalifi\u00e9s en \u00ab violation de domicile \u00bb<\/p>\n<p>Pr\u00e9sent\u00e9 devant le tribunal correctionnel de Toulouse, l\u2019homme a reconnu s\u2019\u00eatre introduit dans la maison sans autorisation. L\u2019expertise psychiatrique a r\u00e9v\u00e9l\u00e9 qu\u2019il souffrait de troubles psychotiques chroniques, aggrav\u00e9s par une rupture de traitement et une consommation de cannabis.<\/p>\n<p>Ces \u00e9l\u00e9ments ont conduit la justice \u00e0 reconna\u00eetre une alt\u00e9ration de son discernement au moment des faits. Faute d\u2019\u00e9l\u00e9ments suffisants pour caract\u00e9riser une agression sexuelle, le tribunal a d\u00e9cid\u00e9 de requalifier l\u2019affaire en \u00ab violation de domicile \u00bb. Le quadrag\u00e9naire a \u00e9t\u00e9 condamn\u00e9 \u00e0 douze mois de prison, dont quatre avec sursis probatoire, ainsi qu\u2019\u00e0 1 000 euros d\u2019amende pour le pr\u00e9judice moral subi par la victime.<\/p>\n<p><a href=\"https:\/\/www.valeursactuelles.com\/faits-divers\/lyon-arme-dun-cutter-un-sdf-sous-oqtf-sintroduit-dans-une-synagogue\" class=\"h-flex h-align-items-center h-border-tb h-ptb-15\" target=\"_blank\" rel=\"noopener\">A\u00a0LIRE\u00a0Lyon : arm\u00e9 d\u2019un cutter, un SDF sous OQTF s\u2019introduit dans une synagogue<\/a>Une affaire harc\u00e8lement jug\u00e9 lors de la m\u00eame audience<\/p>\n<p>Lors de cette m\u00eame audience, le pr\u00e9venu a \u00e9galement \u00e9t\u00e9 jug\u00e9 pour harc\u00e8lement \u00e0 l\u2019encontre d\u2019une \u00e9ducatrice dont il disait \u00eatre amoureux. Convaincu d\u2019entretenir une \u00ab histoire d\u2019amour \u00bb avec elle, il l\u2019avait suivie \u00e0 plusieurs reprises \u00e0 son domicile et sur son lieu de travail. Ces faits ont contribu\u00e9 \u00e0 dresser le portrait d\u2019un homme instable, d\u00e9j\u00e0 connu pour ses troubles psychotiques chroniques et en rupture de traitement.<\/p>\n","protected":false},"excerpt":{"rendered":"Faits divers En pleine nuit, le 21 septembre, \u00e0 Toulouse, un homme de 48 ans s\u2019est introduit dans&hellip;\n","protected":false},"author":2,"featured_media":487883,"comment_status":"","ping_status":"","sticky":false,"template":"","format":"standard","meta":{"footnotes":""},"categories":[2816],"tags":[1111,11,1120,15335,1777,674,1294,1011,27,29929,12,2680,25,2312],"class_list":{"0":"post-487882","1":"post","2":"type-post","3":"status-publish","4":"format-standard","5":"has-post-thumbnail","7":"category-toulouse","8":"tag-actu","9":"tag-actualites","10":"tag-agression","11":"tag-domicile","12":"tag-eu","13":"tag-europe","14":"tag-femme","15":"tag-fr","16":"tag-france","17":"tag-intrusion","18":"tag-news","19":"tag-occitanie","20":"tag-republique-francaise","21":"tag-toulouse"},"share_on_mastodon":{"url":"https:\/\/pubeurope.com\/@fr\/115431864767721571","error":""},"_links":{"self":[{"href":"https:\/\/www.europesays.com\/fr\/wp-json\/wp\/v2\/posts\/487882","targetHints":{"allow":["GET"]}}],"collection":[{"href":"https:\/\/www.europesays.com\/fr\/wp-json\/wp\/v2\/posts"}],"about":[{"href":"https:\/\/www.europesays.com\/fr\/wp-json\/wp\/v2\/types\/post"}],"author":[{"embeddable":true,"href":"https:\/\/www.europesays.com\/fr\/wp-json\/wp\/v2\/users\/2"}],"replies":[{"embeddable":true,"href":"https:\/\/www.europesays.com\/fr\/wp-json\/wp\/v2\/comments?post=487882"}],"version-history":[{"count":0,"href":"https:\/\/www.europesays.com\/fr\/wp-json\/wp\/v2\/posts\/487882\/revisions"}],"wp:featuredmedia":[{"embeddable":true,"href":"https:\/\/www.europesays.com\/fr\/wp-json\/wp\/v2\/media\/487883"}],"wp:attachment":[{"href":"https:\/\/www.europesays.com\/fr\/wp-json\/wp\/v2\/media?parent=487882"}],"wp:term":[{"taxonomy":"category","embeddable":true,"href":"https:\/\/www.europesays.com\/fr\/wp-json\/wp\/v2\/categories?post=487882"},{"taxonomy":"post_tag","embeddable":true,"href":"https:\/\/www.europesays.com\/fr\/wp-json\/wp\/v2\/tags?post=487882"}],"curies":[{"name":"wp","href":"https:\/\/api.w.org\/{rel}","templated":true}]}}