{"id":487884,"date":"2025-10-25T00:00:25","date_gmt":"2025-10-25T00:00:25","guid":{"rendered":"https:\/\/www.europesays.com\/fr\/487884\/"},"modified":"2025-10-25T00:00:25","modified_gmt":"2025-10-25T00:00:25","slug":"previsions-du-samedi-25-octobre-2025-6","status":"publish","type":"post","link":"https:\/\/www.europesays.com\/fr\/487884\/","title":{"rendered":"pr\u00e9visions du samedi 25 octobre 2025"},"content":{"rendered":"<p class=\"mb-4 text-lg md:leading-8 break-words\"><strong>M\u00e9t\u00e9o &#8211; La journ\u00e9e va rester voil\u00e9e \u00e0 cause de nuages qui se maintiennent dans le ciel. Des pluies \u00e9parses sont pr\u00e9vues. Les temp\u00e9ratures seront de 14\u00b0C le matin et de 16\u00b0C l&rsquo;apr\u00e8s-midi&#8230;<\/strong><\/p>\n<p class=\"mb-4 text-lg md:leading-8 break-words\">Aujourd&rsquo;hui, toujours des nuages dans le ciel qui emp\u00eachent le soleil de faire son apparition \u00e0 Toulouse. Les valeurs s&rsquo;\u00e9chelonneront entre 11 et 18\u00b0C. D&rsquo;un autre c\u00f4t\u00e9, des \u00e9claircies appara\u00eetront dans la matin\u00e9e. Les temp\u00e9ratures tourneront autour des 14\u00b0C. Un vent de sud-ouest rafra\u00eechira quelque peu l&rsquo;atmosph\u00e8re. Il va y avoir des nuages avant que le soleil ne puisse faire son apparition lors de l&rsquo;apr\u00e8s-midi. Du mauvais temps est \u00e0 pr\u00e9voir. Des pluies \u00e9parses vont tomber. Les temp\u00e9ratures seront comprises entre 14 et 18\u00b0C. Un vent d&rsquo;ouest est attendu : il soufflera \u00e0 25 km\/h. Le soir, la m\u00e9t\u00e9o sera marqu\u00e9e par des pluies \u00e9parses. Le thermom\u00e8tre affichera 13\u00b0C en moyenne. Pour les amateurs d&rsquo;astronomie, sachez que la nuit sera pluvieuse.<\/p>\n<p class=\"mb-4 text-lg md:leading-8 break-words\">Le soleil se fera d\u00e9sirer demain sur Toulouse, o\u00f9 des nuages sont bien install\u00e9s. Une chute des temp\u00e9ratures est \u00e0 pr\u00e9voir. Il fera en moyenne 12\u00b0C. Un modeste vent de nord-ouest sera ressenti par les habitants. Les nuages en pr\u00e9vision le matin, et un ciel encore maussade. On pr\u00e9voit des valeurs d&rsquo;environ 12\u00b0C. Le ciel va l\u00e9g\u00e8rement se d\u00e9gager dans l&rsquo;apr\u00e8s-midi avec des \u00e9claircies. Les temp\u00e9ratures afficheront entre 12 et 13\u00b0C. C&rsquo;est \u00e0 un ciel couvert de nuages qu&rsquo;il faudra s&rsquo;attendre demain soir. Des pluies \u00e9parses vont tomber.<\/p>\n<p class=\"mb-4 text-lg md:leading-8 break-words\">Les conditions m\u00e9t\u00e9orologiques des jours qui suivent vont \u00e9voluer peu \u00e0 peu. M\u00eame si le mauvais temps perdurera un peu lundi, il faut pr\u00e9voir une am\u00e9lioration par la suite.<\/p>\n<p class=\"mb-4 text-lg md:leading-8 break-words\"><a href=\"https:\/\/www.20minutes.fr\/planete\/previsions-meteo\/4181526-20251025-meteo-toulouse-previsions-samedi-25-octobre-2025?at_medium=RSS%20feed&amp;at_campaign=ynews&amp;utm_source=yahoo&amp;utm_medium=rss&amp;utm_campaign=news_feed&amp;utm_content=read_more_link&quot;\" rel=\"nofollow noopener\" target=\"_blank\" data-ylk=\"slk:Lire la suite sur 20minutes;elm:context_link;itc:0;sec:content-canvas\" class=\"link \">Lire la suite sur 20minutes<\/a><\/p>\n","protected":false},"excerpt":{"rendered":"M\u00e9t\u00e9o &#8211; La journ\u00e9e va rester voil\u00e9e \u00e0 cause de nuages qui se maintiennent dans le ciel. Des&hellip;\n","protected":false},"author":2,"featured_media":487885,"comment_status":"","ping_status":"","sticky":false,"template":"","format":"standard","meta":{"footnotes":""},"categories":[2816],"tags":[1111,11,1777,674,1011,27,6172,12,2680,25,2312,55605],"class_list":{"0":"post-487884","1":"post","2":"type-post","3":"status-publish","4":"format-standard","5":"has-post-thumbnail","7":"category-toulouse","8":"tag-actu","9":"tag-actualites","10":"tag-eu","11":"tag-europe","12":"tag-fr","13":"tag-france","14":"tag-le-soleil","15":"tag-news","16":"tag-occitanie","17":"tag-republique-francaise","18":"tag-toulouse","19":"tag-vent-douest"},"share_on_mastodon":{"url":"https:\/\/pubeurope.com\/@fr\/115431867887093515","error":""},"_links":{"self":[{"href":"https:\/\/www.europesays.com\/fr\/wp-json\/wp\/v2\/posts\/487884","targetHints":{"allow":["GET"]}}],"collection":[{"href":"https:\/\/www.europesays.com\/fr\/wp-json\/wp\/v2\/posts"}],"about":[{"href":"https:\/\/www.europesays.com\/fr\/wp-json\/wp\/v2\/types\/post"}],"author":[{"embeddable":true,"href":"https:\/\/www.europesays.com\/fr\/wp-json\/wp\/v2\/users\/2"}],"replies":[{"embeddable":true,"href":"https:\/\/www.europesays.com\/fr\/wp-json\/wp\/v2\/comments?post=487884"}],"version-history":[{"count":0,"href":"https:\/\/www.europesays.com\/fr\/wp-json\/wp\/v2\/posts\/487884\/revisions"}],"wp:featuredmedia":[{"embeddable":true,"href":"https:\/\/www.europesays.com\/fr\/wp-json\/wp\/v2\/media\/487885"}],"wp:attachment":[{"href":"https:\/\/www.europesays.com\/fr\/wp-json\/wp\/v2\/media?parent=487884"}],"wp:term":[{"taxonomy":"category","embeddable":true,"href":"https:\/\/www.europesays.com\/fr\/wp-json\/wp\/v2\/categories?post=487884"},{"taxonomy":"post_tag","embeddable":true,"href":"https:\/\/www.europesays.com\/fr\/wp-json\/wp\/v2\/tags?post=487884"}],"curies":[{"name":"wp","href":"https:\/\/api.w.org\/{rel}","templated":true}]}}