{"id":487886,"date":"2025-10-25T00:02:14","date_gmt":"2025-10-25T00:02:14","guid":{"rendered":"https:\/\/www.europesays.com\/fr\/487886\/"},"modified":"2025-10-25T00:02:14","modified_gmt":"2025-10-25T00:02:14","slug":"hannah-miette-en-concert-evenements","status":"publish","type":"post","link":"https:\/\/www.europesays.com\/fr\/487886\/","title":{"rendered":"Hannah Miette en concert \/ \u00c9v\u00e9nements"},"content":{"rendered":"<p>\n                                                                        Le 13 d\u00e9cembre 2025<br \/>\n\t\t\t\t\t\t\t\t\t\t\tde 20h00 \u00e0 23h00\n\t\t\t\t\t                                        <\/p>\n<p class=\"subtitle\">\u00e0 <strong><br \/>\nL&rsquo;A\u00e9ronef<\/strong><\/p>\n<p>Le batteur Hannah Miette joue avec une constellation d&rsquo;artistes folk pour ciseler son propre univers.<\/p>\n<p>            <img loading=\"lazy\" decoding=\"async\" src=\"\/var\/www\/storage\/images\/mediatheque\/mairie-de-lille\/images-openagenda\/hannah-miette-en-concert\/3878337-1-fre-FR\/Hannah-Miette-en-concert_news_image_top.jpg\" width=\"779\" height=\"438\" alt=\"Hannah Miette en concert\"\/><\/p>\n<p>\n<strong>Hannah Miette<\/strong> a \u00e9clair\u00e9 ses chansons des voix et instruments d\u2019autres artistes. Blumi, Rozi Plain, Kate Stables (This is the Kit), Fran\u00e7ois Atlas, Raoul Vignal, Romain Vasset (Belvoir) et Margaux Delatour ont ainsi particip\u00e9 \u00e0 son album. Certains le rejoignent sur sc\u00e8ne parfois !<br \/>En ouverture : Jelle Denturck, chanteur et leader du groupe belge d\u2019indie rock DIRK., se d\u00e9voile avec le projet solo <strong>Dressed Like Boys<\/strong>, plus doux et introspectif. Musicalement, il puise dans les sonorit\u00e9s 70&rsquo;s (cordes, Wurlitzers, Rhodes) et revient au piano, son premier instrument.<\/p>\n<p>        \t\t                                                Infos pratiques<\/p>\n<p>                    Adresse<\/p>\n<p>\n168 avenue Willy Brandt <br \/>59777 Lille<\/p>\n<p>                                                            Voir le plan<\/p>\n<p>                        Contact<\/p>\n<p>\n03 20 13 50 00<br \/><a href=\"https:\/\/aeronef.fr\/\" target=\"_self\" class=\"lien_interne\" rel=\"noopener\">https:\/\/aeronef.fr\/<\/a>\u00a0<\/p>\n<p>            Acc\u00e8s<\/p>\n<p>M\u00e9tro Ligne 1 et 2 &#8211; Arr\u00eat Gare Lille Flandres<\/p>\n<p>\n                    PublicsDe  \u00e0  ans<\/p>\n","protected":false},"excerpt":{"rendered":"Le 13 d\u00e9cembre 2025 de 20h00 \u00e0 23h00 \u00e0 L&rsquo;A\u00e9ronef Le batteur Hannah Miette joue avec une constellation&hellip;\n","protected":false},"author":2,"featured_media":487887,"comment_status":"","ping_status":"","sticky":false,"template":"","format":"standard","meta":{"footnotes":""},"categories":[2815],"tags":[1111,11,4763,1777,674,1011,27,811,1307,5415,12,25],"class_list":{"0":"post-487886","1":"post","2":"type-post","3":"status-publish","4":"format-standard","5":"has-post-thumbnail","7":"category-lille","8":"tag-actu","9":"tag-actualites","10":"tag-agenda","11":"tag-eu","12":"tag-europe","13":"tag-fr","14":"tag-france","15":"tag-hauts-de-france","16":"tag-lille","17":"tag-mairie","18":"tag-news","19":"tag-republique-francaise"},"share_on_mastodon":{"url":"https:\/\/pubeurope.com\/@fr\/115431876340615071","error":""},"_links":{"self":[{"href":"https:\/\/www.europesays.com\/fr\/wp-json\/wp\/v2\/posts\/487886","targetHints":{"allow":["GET"]}}],"collection":[{"href":"https:\/\/www.europesays.com\/fr\/wp-json\/wp\/v2\/posts"}],"about":[{"href":"https:\/\/www.europesays.com\/fr\/wp-json\/wp\/v2\/types\/post"}],"author":[{"embeddable":true,"href":"https:\/\/www.europesays.com\/fr\/wp-json\/wp\/v2\/users\/2"}],"replies":[{"embeddable":true,"href":"https:\/\/www.europesays.com\/fr\/wp-json\/wp\/v2\/comments?post=487886"}],"version-history":[{"count":0,"href":"https:\/\/www.europesays.com\/fr\/wp-json\/wp\/v2\/posts\/487886\/revisions"}],"wp:featuredmedia":[{"embeddable":true,"href":"https:\/\/www.europesays.com\/fr\/wp-json\/wp\/v2\/media\/487887"}],"wp:attachment":[{"href":"https:\/\/www.europesays.com\/fr\/wp-json\/wp\/v2\/media?parent=487886"}],"wp:term":[{"taxonomy":"category","embeddable":true,"href":"https:\/\/www.europesays.com\/fr\/wp-json\/wp\/v2\/categories?post=487886"},{"taxonomy":"post_tag","embeddable":true,"href":"https:\/\/www.europesays.com\/fr\/wp-json\/wp\/v2\/tags?post=487886"}],"curies":[{"name":"wp","href":"https:\/\/api.w.org\/{rel}","templated":true}]}}