{"id":487892,"date":"2025-10-25T00:05:19","date_gmt":"2025-10-25T00:05:19","guid":{"rendered":"https:\/\/www.europesays.com\/fr\/487892\/"},"modified":"2025-10-25T00:05:19","modified_gmt":"2025-10-25T00:05:19","slug":"un-incendie-dans-un-immeuble-proche-de-la-prefecture-une-personne-agee-prise-en-charge-par-les-pompiers","status":"publish","type":"post","link":"https:\/\/www.europesays.com\/fr\/487892\/","title":{"rendered":"un incendie dans un immeuble proche de la pr\u00e9fecture, une personne \u00e2g\u00e9e prise en charge par les pompiers"},"content":{"rendered":"<p itemprop=\"description\"><strong>Les pompiers ont \u00e9t\u00e9 appel\u00e9s ce vendredi apr\u00e8s-midi.<\/strong><\/p>\n<p dir=\"ltr\">Car un incendie s\u2019est d\u00e9clar\u00e9 vers 16h30 dans un immeuble au 94 de la rue Pierre-Corneille, pr\u00e8s de la pr\u00e9fecture du Rh\u00f4ne.<\/p>\n<p dir=\"ltr\">Ce sont 39 pompiers et 13 engins, qui ont leur caserne \u00e0 proximit\u00e9 imm\u00e9diate, qui se sont rendus sur place pour ma\u00eetriser le feu. Une personne \u00e2g\u00e9e a \u00e9t\u00e9 prise en charge apr\u00e8s avoir inhal\u00e9 de la fum\u00e9e.<\/p>\n<p dir=\"ltr\">Un \u00e9pais nuage de fum\u00e9e s\u2019\u00e9chappait de l\u2019immeuble touch\u00e9, ce qui a conduit \u00e0 la fermeture \u00e0 la circulation de la rue Pierre-Corneille et de la rue de Bonnel, dans le 3e arrondissement de Lyon le temps de l&rsquo;intervention. Le feu se situait au niveau de la toiture.<\/p>\n<p dir=\"ltr\">Le sinistre \u00e9tait en cours d&rsquo;extinction peu avant 18h, une exploration avait lieu dans l&rsquo;immeuble \u00e0 la recherche d&rsquo;\u00e9ventuels autres riverains.<\/p>\n<p dir=\"ltr\"><img loading=\"lazy\" decoding=\"async\" style=\"display: block; margin-left: auto; margin-right: auto;\" src=\"https:\/\/www.europesays.com\/fr\/wp-content\/uploads\/2025\/10\/capture-d-ecran-2025-10-24-a-17-14-03-44523.png\" alt=\"\" width=\"600\" height=\"635\"\/><\/p>\n<blockquote class=\"twitter-tweet\"><p>&#13;<\/p>\n<p dir=\"ltr\" lang=\"fr\">Un incendie s\u2019est d\u00e9clar\u00e9 visiblement dans les combles d\u2019un immeuble situ\u00e9 rue Pierre Corneille dans le 3e arrondissement.<\/p>\n<p>Merci aux pompiers, au Samu et aux forces de l\u2019ordre mobilis\u00e9s sur place. <a href=\"https:\/\/t.co\/UJoJBqKQen\">pic.twitter.com\/UJoJBqKQen<\/a><\/p>\n<p>&#13;<br \/>\n\u2014 B\u00e9atrice de Montille (@bdemontille) <a href=\"https:\/\/twitter.com\/bdemontille\/status\/1981743780605694101?ref_src=twsrc%5Etfw\" target=\"_blank\" rel=\"noopener\">October 24, 2025<\/a><\/p><\/blockquote>\n<p>\t\t  <script async src=\"https:\/\/platform.twitter.com\/widgets.js\" charset=\"utf-8\"><\/script><\/p>\n","protected":false},"excerpt":{"rendered":"Les pompiers ont \u00e9t\u00e9 appel\u00e9s ce vendredi apr\u00e8s-midi. Car un incendie s\u2019est d\u00e9clar\u00e9 vers 16h30 dans un immeuble&hellip;\n","protected":false},"author":2,"featured_media":487893,"comment_status":"","ping_status":"","sticky":false,"template":"","format":"standard","meta":{"footnotes":""},"categories":[1889],"tags":[1111,11,2813,2190,2430,1109,251,1112,2811,1777,674,118,1011,27,1922,1110,1114,2428,2810,12,241,316,25,2812,517,800],"class_list":{"0":"post-487892","1":"post","2":"type-post","3":"status-publish","4":"format-standard","5":"has-post-thumbnail","7":"category-lyon","8":"tag-actu","9":"tag-actualites","10":"tag-article","11":"tag-asvel","12":"tag-auvergne-rhone-alpes","13":"tag-breves","14":"tag-culture","15":"tag-depeches","16":"tag-economique","17":"tag-eu","18":"tag-europe","19":"tag-faits-divers","20":"tag-fr","21":"tag-france","22":"tag-info","23":"tag-informations","24":"tag-infos","25":"tag-lyon","26":"tag-lyonmag","27":"tag-news","28":"tag-ol","29":"tag-politique","30":"tag-republique-francaise","31":"tag-sociale","32":"tag-sport","33":"tag-transports"},"share_on_mastodon":{"url":"https:\/\/pubeurope.com\/@fr\/115431887935921098","error":""},"_links":{"self":[{"href":"https:\/\/www.europesays.com\/fr\/wp-json\/wp\/v2\/posts\/487892","targetHints":{"allow":["GET"]}}],"collection":[{"href":"https:\/\/www.europesays.com\/fr\/wp-json\/wp\/v2\/posts"}],"about":[{"href":"https:\/\/www.europesays.com\/fr\/wp-json\/wp\/v2\/types\/post"}],"author":[{"embeddable":true,"href":"https:\/\/www.europesays.com\/fr\/wp-json\/wp\/v2\/users\/2"}],"replies":[{"embeddable":true,"href":"https:\/\/www.europesays.com\/fr\/wp-json\/wp\/v2\/comments?post=487892"}],"version-history":[{"count":0,"href":"https:\/\/www.europesays.com\/fr\/wp-json\/wp\/v2\/posts\/487892\/revisions"}],"wp:featuredmedia":[{"embeddable":true,"href":"https:\/\/www.europesays.com\/fr\/wp-json\/wp\/v2\/media\/487893"}],"wp:attachment":[{"href":"https:\/\/www.europesays.com\/fr\/wp-json\/wp\/v2\/media?parent=487892"}],"wp:term":[{"taxonomy":"category","embeddable":true,"href":"https:\/\/www.europesays.com\/fr\/wp-json\/wp\/v2\/categories?post=487892"},{"taxonomy":"post_tag","embeddable":true,"href":"https:\/\/www.europesays.com\/fr\/wp-json\/wp\/v2\/tags?post=487892"}],"curies":[{"name":"wp","href":"https:\/\/api.w.org\/{rel}","templated":true}]}}