{"id":487898,"date":"2025-10-25T00:10:17","date_gmt":"2025-10-25T00:10:17","guid":{"rendered":"https:\/\/www.europesays.com\/fr\/487898\/"},"modified":"2025-10-25T00:10:17","modified_gmt":"2025-10-25T00:10:17","slug":"plus-de-120-combats-au-cours-de-la-journee-de-vendredi-selon-letat-major-ukrainien","status":"publish","type":"post","link":"https:\/\/www.europesays.com\/fr\/487898\/","title":{"rendered":"plus de 120\u00a0combats au cours de la journ\u00e9e de vendredi, selon l\u2019\u00e9tat-major ukrainien"},"content":{"rendered":"<p>   Keir Starmer appelle \u00e0 renforcer les moyens d\u2019action longue port\u00e9e de Kiev             <\/p>\n<p class=\"post__live-container--answer-text post__space-node\">\u00ab\u00a0Je crois que nous pouvons en faire plus en mati\u00e8re de moyens, particuli\u00e8rement de moyens longue port\u00e9e\u00a0\u00bb, a d\u00e9clar\u00e9 Keir Starmer, le premier ministre britannique, avant une r\u00e9union dans l\u2019apr\u00e8s-midi de la coalition des volontaires\u00a0compos\u00e9e de 26 pays essentiellement europ\u00e9ens qui soutiennent Kiev. \u00ab\u00a0Et bien s\u00fbr, il y a le travail vital de la coalition des volontaires sur les garanties de s\u00e9curit\u00e9\u00a0\u00bb \u00e0 apporter \u00e0 Kiev, a-t-il ajout\u00e9.<\/p>\n<p>                 <img decoding=\"async\" class=\"post__live-container--img post__space-node\"  src=\"https:\/\/www.europesays.com\/fr\/wp-content\/uploads\/2025\/10\/3de478b_ftp-import-images-1-puwhavnizvzv-2025-10-24t131402z-1475006243-rc2dihajs15o-rtrmadp-3-ukrain.jpeg\" data- alt=\"Le premier ministre britannique Keir Starmer et le pr\u00e9sident ukrainien Volodymyr Zelensky, \u00e0 Londres, le 24\u00a0octobre 2025.\"\/>   Le premier ministre britannique Keir Starmer et le pr\u00e9sident ukrainien Volodymyr Zelensky, \u00e0 Londres, le 24\u00a0octobre 2025. ISABEL INFANTES\/REUTERS               <\/p>\n<p class=\"post__live-container--answer-text post__space-node\">Pour financer la fourniture de \u00ab\u00a0syst\u00e8mes de longue port\u00e9e\u00a0\u00bb \u00e0 l\u2019Ukraine et la d\u00e9fense ukrainienne, M.\u00a0Starmer devrait appeler les partenaires de la coalition \u00e0 \u00ab\u00a0achever le travail\u00a0\u00bb concernant l\u2019utilisation des avoirs russes gel\u00e9s en r\u00e9ponse \u00e0 l\u2019invasion de l\u2019Ukraine \u00e0 grande \u00e9chelle par Moscou, selon un communiqu\u00e9 de Downing Street.<\/p>\n<p class=\"post__live-container--answer-text post__space-node\">L\u2019entretien entre MM. Zelensky et Starmer s\u2019est tenu apr\u00e8s que le roi Charles III a accord\u00e9 une nouvelle audience au pr\u00e9sident ukrainien \u2013\u00a0leur troisi\u00e8me rencontre au Royaume-Uni depuis le d\u00e9but de l\u2019ann\u00e9e.<\/p>\n<p class=\"post__live-container--answer-text post__space-node\">Le chef du gouvernement travailliste, qui codirige cette coalition avec Emmanuel Macron, veut \u00ab\u00a0placer l\u2019Ukraine dans la position la plus forte possible \u00e0 l\u2019approche de l\u2019hiver\u00a0\u00bb face aux forces de Moscou, selon ses services. L\u2019Ukraine a \u00e9t\u00e9 ces derni\u00e8res semaines la cible d\u2019attaques russes redoubl\u00e9es sur ses infrastructures \u00e9nerg\u00e9tiques, qui menacent de priver sa population d\u2019\u00e9lectricit\u00e9 et de chauffage.<\/p>\n<p class=\"post__live-container--answer-text post__space-node\">L\u2019Ukraine produit certains missiles de type longue port\u00e9e (Flamingo, Neptune) et re\u00e7oit des Europ\u00e9ens des Scalp fran\u00e7ais et des Storm Shadow britanniques, mais en petites quantit\u00e9s. Elle a r\u00e9clam\u00e9, sans succ\u00e8s, des missiles allemands Taurus. Et les Am\u00e9ricains ont refus\u00e9 jusqu\u2019ici de livrer les missiles Tomahawk que M. Zelensky esp\u00e9rait. Le pr\u00e9sident russe, Vladimir Poutine, a averti qu\u2019une telle livraison constituerait \u00ab\u00a0une nouvelle escalade\u00a0\u00bb.<\/p>\n","protected":false},"excerpt":{"rendered":"Keir Starmer appelle \u00e0 renforcer les moyens d\u2019action longue port\u00e9e de Kiev \u00ab\u00a0Je crois que nous pouvons en&hellip;\n","protected":false},"author":2,"featured_media":487899,"comment_status":"","ping_status":"","sticky":false,"template":"","format":"standard","meta":{"footnotes":""},"categories":[1888],"tags":[1111,1928,11,1927,1777,674,1011,27,12,1926,626,1925,25],"class_list":{"0":"post-487898","1":"post","2":"type-post","3":"status-publish","4":"format-standard","5":"has-post-thumbnail","7":"category-paris","8":"tag-actu","9":"tag-actu-paris","10":"tag-actualites","11":"tag-actualites-paris","12":"tag-eu","13":"tag-europe","14":"tag-fr","15":"tag-france","16":"tag-news","17":"tag-news-paris","18":"tag-paris","19":"tag-paris-news","20":"tag-republique-francaise"},"share_on_mastodon":{"url":"https:\/\/pubeurope.com\/@fr\/115431908493831927","error":""},"_links":{"self":[{"href":"https:\/\/www.europesays.com\/fr\/wp-json\/wp\/v2\/posts\/487898","targetHints":{"allow":["GET"]}}],"collection":[{"href":"https:\/\/www.europesays.com\/fr\/wp-json\/wp\/v2\/posts"}],"about":[{"href":"https:\/\/www.europesays.com\/fr\/wp-json\/wp\/v2\/types\/post"}],"author":[{"embeddable":true,"href":"https:\/\/www.europesays.com\/fr\/wp-json\/wp\/v2\/users\/2"}],"replies":[{"embeddable":true,"href":"https:\/\/www.europesays.com\/fr\/wp-json\/wp\/v2\/comments?post=487898"}],"version-history":[{"count":0,"href":"https:\/\/www.europesays.com\/fr\/wp-json\/wp\/v2\/posts\/487898\/revisions"}],"wp:featuredmedia":[{"embeddable":true,"href":"https:\/\/www.europesays.com\/fr\/wp-json\/wp\/v2\/media\/487899"}],"wp:attachment":[{"href":"https:\/\/www.europesays.com\/fr\/wp-json\/wp\/v2\/media?parent=487898"}],"wp:term":[{"taxonomy":"category","embeddable":true,"href":"https:\/\/www.europesays.com\/fr\/wp-json\/wp\/v2\/categories?post=487898"},{"taxonomy":"post_tag","embeddable":true,"href":"https:\/\/www.europesays.com\/fr\/wp-json\/wp\/v2\/tags?post=487898"}],"curies":[{"name":"wp","href":"https:\/\/api.w.org\/{rel}","templated":true}]}}