{"id":487912,"date":"2025-10-25T00:17:14","date_gmt":"2025-10-25T00:17:14","guid":{"rendered":"https:\/\/www.europesays.com\/fr\/487912\/"},"modified":"2025-10-25T00:17:14","modified_gmt":"2025-10-25T00:17:14","slug":"my-bloody-valentine-annonce-des-groupes-de-soutien-pour-sa-tournee-2025-au-royaume-uni-et-en-irlande","status":"publish","type":"post","link":"https:\/\/www.europesays.com\/fr\/487912\/","title":{"rendered":"My Bloody Valentine annonce des groupes de soutien pour sa tourn\u00e9e 2025 au Royaume-Uni et en Irlande"},"content":{"rendered":"<p>My Bloody Valentine a annonc\u00e9 les premiers actes pour ses prochaines dates au Royaume-Uni et en Irlande.<\/p>\n<p>En mars, le groupe a confirm\u00e9 qu&rsquo;il jouerait sa premi\u00e8re tourn\u00e9e au Royaume-Uni depuis plus de 10 ans, avec de grandes dates au 3Arena de Dublin (leur premier spectacle hors festival dans leur pays d&rsquo;origine depuis 1992), aux studios Aviva de Manchester, \u00e0 la Wembley Arena de Londres et \u00e0 l&rsquo;OVO Hydro de Glasgow en novembre.<\/p>\n<p>D\u00e9sormais, ils ont r\u00e9v\u00e9l\u00e9 qu&rsquo;ils seront rejoints par J Mascis pour les concerts de Londres et de Glasgow respectivement les 25 et 27 novembre, tandis que Maria Somerville fera la premi\u00e8re partie pour eux \u00e0 Dublin et Manchester les 22 et 24 novembre.<\/p>\n<p>Les billets sont en vente depuis l&rsquo;annonce des spectacles en mars et vous pouvez trouver les billets restants ici.<\/p>\n<blockquote class=\"instagram-media\" data-instgrm-captioned=\"\" data-instgrm-permalink=\"https:\/\/www.instagram.com\/p\/DQJVvU3CFLe\/?utm_source=ig_embed&amp;utm_campaign=loading\" data-instgrm-version=\"14\" style=\" background:#FFF; border:0; border-radius:3px; box-shadow:0 0 1px 0 rgba(0,0,0,0.5),0 1px 10px 0 rgba(0,0,0,0.15); margin: 1px; max-width:658px; min-width:326px; padding:0; width:99.375%; width:-webkit-calc(100% - 2px); width:calc(100% - 2px);\"><\/blockquote>\n<blockquote class=\"instagram-media\" data-instgrm-captioned=\"\" data-instgrm-permalink=\"https:\/\/www.instagram.com\/p\/DQJV9mZiL_X\/?utm_source=ig_embed&amp;utm_campaign=loading\" data-instgrm-version=\"14\" style=\" background:#FFF; border:0; border-radius:3px; box-shadow:0 0 1px 0 rgba(0,0,0,0.5),0 1px 10px 0 rgba(0,0,0,0.15); margin: 1px; max-width:658px; min-width:326px; padding:0; width:99.375%; width:-webkit-calc(100% - 2px); width:calc(100% - 2px);\"><\/blockquote>\n<p>Mascis est le chanteur et guitariste de Dinosaur Jr. et conna\u00eet My Bloody Valentine depuis longtemps. Les deux groupes ont jou\u00e9 ensemble lors du Rollercoaster Tour de 1992, une \u00e9manation du festival Lollapalooza.<\/p>\n<p>En 2023, Kevin Shields de MBV a rejoint Dinosaur Jr. sur sc\u00e8ne dans The Garage \u00e0 Londres, interpr\u00e9tant des chansons des catalogues de chacun, ainsi que \u00ab Just Like Heaven \u00bb de The Cure.<\/p>\n<p>Somerville, quant \u00e0 elle, est une artiste irlandaise shoegaze et folk qui a sorti son deuxi\u00e8me album \u00ab Lustre \u00bb en avril de cette ann\u00e9e via 4AD.<\/p>\n<p>Ces spectacles seront les premi\u00e8res performances live de My Bloody Valentine depuis pr\u00e8s de sept ans, depuis leur tourn\u00e9e en Am\u00e9rique du Nord en 2018. Ils joueront \u00e9galement au Primavera Sound en juin de l&rsquo;ann\u00e9e prochaine, aux c\u00f4t\u00e9s des t\u00eates d&rsquo;affiche The Cure, Gorillaz, The xx, Doja Cat et Massive Attack.<\/p>\n<p>Leur dernier album \u00e9tait le disque de retour \u00ab mbv \u00bb de 2013. Depuis, les membres ont r\u00e9v\u00e9l\u00e9 en 2021 qu&rsquo;ils travaillaient sur deux nouveaux albums pour Domino, et Shields a d\u00e9clar\u00e9 que le premier contiendrait du mat\u00e9riel \u00ab chaleureux et m\u00e9lodique \u00bb tandis que le second serait plus exp\u00e9rimental.<\/p>\n<p>En dehors du groupe, Shields a \u00e9galement partag\u00e9 du mat\u00e9riel solo, le laissant tomber de mani\u00e8re subtile en le cachant dans sa gamme de p\u00e9dales de guitare personnalis\u00e9es.<\/p>\n<p><script async src=\"\/\/www.instagram.com\/embed.js\"><\/script><\/p>\n","protected":false},"excerpt":{"rendered":"My Bloody Valentine a annonc\u00e9 les premiers actes pour ses prochaines dates au Royaume-Uni et en Irlande. En&hellip;\n","protected":false},"author":2,"featured_media":6228,"comment_status":"","ping_status":"","sticky":false,"template":"","format":"standard","meta":{"footnotes":""},"categories":[1588],"tags":[11,2562,61097,154,1777,674,23198,516,12,471,473,1853,1873,7618,4441,1851,1850,1852,39748],"class_list":{"0":"post-487912","1":"post","2":"type-post","3":"status-publish","4":"format-standard","5":"has-post-thumbnail","7":"category-royaume-uni","8":"tag-actualites","9":"tag-annonce","10":"tag-bloody","11":"tag-des","12":"tag-eu","13":"tag-europe","14":"tag-groupes","15":"tag-irlande","16":"tag-news","17":"tag-pour","18":"tag-royaume-uni","19":"tag-royaume-uni-de-grande-bretagne-et-dirlande-du-nord","20":"tag-royaumeuni","21":"tag-soutien","22":"tag-tournee","23":"tag-uk","24":"tag-united-kingdom","25":"tag-united-kingdom-of-great-britain-and-northern-ireland","26":"tag-valentine"},"share_on_mastodon":{"url":"https:\/\/pubeurope.com\/@fr\/115431934756108038","error":""},"_links":{"self":[{"href":"https:\/\/www.europesays.com\/fr\/wp-json\/wp\/v2\/posts\/487912","targetHints":{"allow":["GET"]}}],"collection":[{"href":"https:\/\/www.europesays.com\/fr\/wp-json\/wp\/v2\/posts"}],"about":[{"href":"https:\/\/www.europesays.com\/fr\/wp-json\/wp\/v2\/types\/post"}],"author":[{"embeddable":true,"href":"https:\/\/www.europesays.com\/fr\/wp-json\/wp\/v2\/users\/2"}],"replies":[{"embeddable":true,"href":"https:\/\/www.europesays.com\/fr\/wp-json\/wp\/v2\/comments?post=487912"}],"version-history":[{"count":0,"href":"https:\/\/www.europesays.com\/fr\/wp-json\/wp\/v2\/posts\/487912\/revisions"}],"wp:featuredmedia":[{"embeddable":true,"href":"https:\/\/www.europesays.com\/fr\/wp-json\/wp\/v2\/media\/6228"}],"wp:attachment":[{"href":"https:\/\/www.europesays.com\/fr\/wp-json\/wp\/v2\/media?parent=487912"}],"wp:term":[{"taxonomy":"category","embeddable":true,"href":"https:\/\/www.europesays.com\/fr\/wp-json\/wp\/v2\/categories?post=487912"},{"taxonomy":"post_tag","embeddable":true,"href":"https:\/\/www.europesays.com\/fr\/wp-json\/wp\/v2\/tags?post=487912"}],"curies":[{"name":"wp","href":"https:\/\/api.w.org\/{rel}","templated":true}]}}