{"id":487913,"date":"2025-10-25T00:18:24","date_gmt":"2025-10-25T00:18:24","guid":{"rendered":"https:\/\/www.europesays.com\/fr\/487913\/"},"modified":"2025-10-25T00:18:24","modified_gmt":"2025-10-25T00:18:24","slug":"battues-en-allemagne-les-bleues-toujours-dans-le-dur-avant-la-demi-finale-retour","status":"publish","type":"post","link":"https:\/\/www.europesays.com\/fr\/487913\/","title":{"rendered":"battues en Allemagne, les Bleues toujours dans le dur avant la demi-finale retour"},"content":{"rendered":"<p><strong>Allemagne\u00a0&#8211; France\u00a0: 1-0<\/strong><\/p>\n<p>Les Bleues devront sortir un grand match, mardi 28\u00a0octobre en demi-finale retour \u00e0 Caen, pour r\u00eaver de jouer u<a target=\"_self\" href=\"https:\/\/www.lanouvellerepublique.fr\/sports\/redecoller-en-accedant-a-la-finale-ou-sombrer-encore-face-a-l-allemagne-les-bleues-face-a-un-defi-en-demi-finale-de-ligue-des-nations-1761225619\" rel=\"nofollow noopener\">ne deuxi\u00e8me finale de Ligue des nations<\/a> cons\u00e9cutive face \u00e0 l\u2019Espagne ou la Su\u00e8de fin novembre. Ce vendredi 24\u00a0octobre, sans solution une grande partie du match, les Fran\u00e7aises ont \u00e9t\u00e9 punies par l\u2019Allemagne sur une frappe puissante de 20 m\u00e8tres de Klara B\u00fchl, qui avait d\u00e9j\u00e0 fait des d\u00e9g\u00e2ts plus t\u00f4t dans la d\u00e9fense.<\/p>\n<p>Jusque-l\u00e0 impeccable dans ses buts, la gardienne fran\u00e7aise Pauline Peyraud-Magnin n\u2019a pas eu la main assez ferme (1-0, 79e), mais a tout de m\u00eame sauv\u00e9 les Bleues du 2-0 en sortant parfaitement dans les pieds de Jule Brand (84e).<\/p>\n<p>Finalement priv\u00e9es de la capitaine Griedge Mbock et de Sakina Karchaoui, g\u00ean\u00e9es la cuisse droite, elles ont \u00e9t\u00e9 malmen\u00e9es pendant le premier quart d\u2019heure \u00e0 cause d\u2019une tr\u00e8s mauvaise entame de match dans un stade de D\u00fcsseldorf tr\u00e8s calme malgr\u00e9 les 37.200 personnes.<\/p>\n<p>Seule la gardienne \u00ab\u00a0PPM\u00a0\u00bb \u00e9tait alors au rendez-vous, sauvant coup sur coup ses co\u00e9quipi\u00e8res, fautives d\u2019erreurs d\u00e9fensives dans les couloirs (3e, 4e), avant de faire de nouvelles parades d\u00e9cisives apr\u00e8s l\u2019heure de jeu (68e, 72e). C\u2019est en grande partie gr\u00e2ce \u00e0 elle que les Bleues n\u2019ont pas sombr\u00e9 plus profond car le beau jeu propos\u00e9 pendant la phase de groupe de l\u2019Euro a sembl\u00e9 bien loin.<\/p>\n<p>Trop timides ou trop maladroites offensivement<\/p>\n<p>Apr\u00e8s ce premier quart d\u2019heure compliqu\u00e9, les joueuses de Laurent Bonadei, emmen\u00e9es par la capitaine du soir Grace Geyoro, ont moins subi mais sans r\u00e9ussir grand-chose offensivement, \u00e0 part quand le jeu penchait \u00e0 droite avec Delphine Cascarino (13e, 21e).\u00a0Mais l\u2019attaquante de San Diego n\u2019a pas \u00e9t\u00e9 assez servie par ses co\u00e9quipi\u00e8res et ne s\u2019est pas assez montr\u00e9e, loin de sa prestation contre les Pays-Bas \u00e0 l\u2019Euro en phase de groupe en Suisse, o\u00f9 elle avait d\u00e9bloqu\u00e9 la situation.<\/p>\n<p>Comme \u00e0 B\u00e2le au mois de juillet (1-1, 6-5 aux tab), les Bleues \u2013 mais aussi les Allemandes (55e, 57e) \u2013 n\u2019ont pas r\u00e9ussi \u00e0 \u00eatre efficaces, ratant un grand nombre d\u2019occasions devant le but. Et quand cela a bien march\u00e9 pour les Fran\u00e7aises, une position de hors-jeu de Grace Geyoro a tout g\u00e2ch\u00e9 (33e), entra\u00eenant le refus du but d\u2019une Marie-Antoinette Katoto par ailleurs assez discr\u00e8te.<\/p>\n<p>En fin de match, Kadidiatou Diani a \u00e9t\u00e9 toute proche d\u2019ouvrir le score (73e) mais l\u2019inefficacit\u00e9 et le manque de solution des Bleues ont \u00e9t\u00e9 punis par les Allemandes dans la foul\u00e9e. Les Fran\u00e7aises auront malgr\u00e9 tout eu le m\u00e9rite d\u2019\u00e9viter le 2-0 en fin de match et peuvent encore croire \u00e0 un renversement de situation mardi \u00e0 Caen.\u00a0Au-del\u00e0 d\u2019une qualification en finale, il s\u2019agira de tourner d\u00e9finitivement la page de la d\u00e9ception de l\u2019\u00e9t\u00e9.<\/p>\n<p><strong>Mi-temps\u00a0:<\/strong> 0-0.<br \/><strong>But\u00a0:<\/strong> B\u00fchl (79e).<\/p>\n","protected":false},"excerpt":{"rendered":"Allemagne\u00a0&#8211; France\u00a0: 1-0 Les Bleues devront sortir un grand match, mardi 28\u00a0octobre en demi-finale retour \u00e0 Caen, pour&hellip;\n","protected":false},"author":2,"featured_media":487914,"comment_status":"","ping_status":"","sticky":false,"template":"","format":"standard","meta":{"footnotes":""},"categories":[1587],"tags":[11,672,1804,1805,1803,1777,674,63,27,1801,20533,74,12,1802,60],"class_list":{"0":"post-487913","1":"post","2":"type-post","3":"status-publish","4":"format-standard","5":"has-post-thumbnail","7":"category-allemagne","8":"tag-actualites","9":"tag-allemagne","10":"tag-bundesrepublik-deutschland","11":"tag-de","12":"tag-deutschland","13":"tag-eu","14":"tag-europe","15":"tag-football","16":"tag-france","17":"tag-germany","18":"tag-les-bleus","19":"tag-monde","20":"tag-news","21":"tag-republique-federale-dallemagne","22":"tag-sports"},"share_on_mastodon":{"url":"https:\/\/pubeurope.com\/@fr\/115431938730416919","error":""},"_links":{"self":[{"href":"https:\/\/www.europesays.com\/fr\/wp-json\/wp\/v2\/posts\/487913","targetHints":{"allow":["GET"]}}],"collection":[{"href":"https:\/\/www.europesays.com\/fr\/wp-json\/wp\/v2\/posts"}],"about":[{"href":"https:\/\/www.europesays.com\/fr\/wp-json\/wp\/v2\/types\/post"}],"author":[{"embeddable":true,"href":"https:\/\/www.europesays.com\/fr\/wp-json\/wp\/v2\/users\/2"}],"replies":[{"embeddable":true,"href":"https:\/\/www.europesays.com\/fr\/wp-json\/wp\/v2\/comments?post=487913"}],"version-history":[{"count":0,"href":"https:\/\/www.europesays.com\/fr\/wp-json\/wp\/v2\/posts\/487913\/revisions"}],"wp:featuredmedia":[{"embeddable":true,"href":"https:\/\/www.europesays.com\/fr\/wp-json\/wp\/v2\/media\/487914"}],"wp:attachment":[{"href":"https:\/\/www.europesays.com\/fr\/wp-json\/wp\/v2\/media?parent=487913"}],"wp:term":[{"taxonomy":"category","embeddable":true,"href":"https:\/\/www.europesays.com\/fr\/wp-json\/wp\/v2\/categories?post=487913"},{"taxonomy":"post_tag","embeddable":true,"href":"https:\/\/www.europesays.com\/fr\/wp-json\/wp\/v2\/tags?post=487913"}],"curies":[{"name":"wp","href":"https:\/\/api.w.org\/{rel}","templated":true}]}}