{"id":487916,"date":"2025-10-25T00:20:22","date_gmt":"2025-10-25T00:20:22","guid":{"rendered":"https:\/\/www.europesays.com\/fr\/487916\/"},"modified":"2025-10-25T00:20:22","modified_gmt":"2025-10-25T00:20:22","slug":"tinlicker-a-lelysee-montmartre-2026","status":"publish","type":"post","link":"https:\/\/www.europesays.com\/fr\/487916\/","title":{"rendered":"Tinlicker \u00e0 L&rsquo;\u00c9lys\u00e9e Montmartre 2026"},"content":{"rendered":"<p class=\"intro\">Le duo \u00e9lectronique n\u00e9erlandais Tinlicker se produira en concert \u00e0 L&rsquo;\u00c9lys\u00e9e Montmartre \u00e0 Paris le vendredi 6 mars 2026 \u00e0 19h. Dans le cadre de leur EU &amp; UK Tour 2026, Micha Heyboer et Jordi van Achthoven, d\u00e9sormais accompagn\u00e9s de Hero Baldwin, investiront cette salle mythique du 18\u00e8me arrondissement pour une soir\u00e9e progressive house exceptionnelle. Cette nouvelle formation trio promet de r\u00e9v\u00e9ler leur univers sonore renouvel\u00e9 dans l&rsquo;une des salles les plus embl\u00e9matiques de la capitale. Les billets sont disponibles \u00e0 partir de 34,50\u00a0\u20ac et il est recommand\u00e9 de r\u00e9server rapidement pour ne pas manquer cet \u00e9v\u00e9nement musical marquant.<\/p>\n<p>Paris accueille Tinlicker \u00e0 L&rsquo;\u00c9lys\u00e9e Montmartre pour un rendez-vous \u00e9lectronique incontournable<\/p>\n<p>Cette \u00e9tape parisienne du <strong>EU &amp; UK Tour 2026<\/strong> marquera une nouvelle \u00e8re pour le groupe, qui se pr\u00e9sente d\u00e9sormais en formation trio avec l&rsquo;arriv\u00e9e officielle de Hero Baldwin. La salle historique de Montmartre, forte de ses 1 380 places, offrira un cadre intimiste parfait pour d\u00e9couvrir les nouvelles compositions du groupe, m\u00ealant progressive house, synth\u00e9s m\u00e9lodiques et \u00e9l\u00e9ments orchestraux.<\/p>\n<p>Les amateurs de musique \u00e9lectronique en <strong>\u00cele-de-France<\/strong> pourront ainsi d\u00e9couvrir en avant-premi\u00e8re les morceaux du nouvel album studio pr\u00e9vu pour d\u00e9but 2026. Cette soir\u00e9e s&rsquo;annonce comme l&rsquo;un des temps forts de la programmation de <a href=\"https:\/\/www.jds.fr\/paris\/agenda\/musique-et-concerts-96_B\" rel=\"nofollow noopener\" target=\"_blank\">concerts \u00e0 Paris<\/a>, dans une salle qui a d\u00e9j\u00e0 accueilli des l\u00e9gendes comme David Bowie et Daft Punk.<\/p>\n<p>Billetterie pour le concert de Tinlicker \u00e0 L&rsquo;\u00c9lys\u00e9e Montmartre<\/p>\n<p><a class=\"btn btn-lg shadow-lg btn-primary rounded-pill fnac_link\" data-fnac=\"in_article\" href=\"https:\/\/www.awin1.com\/pclick.php?p=42956275333&amp;a=634278&amp;m=12494&amp;clickref=in_article-A-desktop\" target=\"_blank\" rel=\"nofollow noopener\"> Acheter des billets<\/a><\/p>\n<p>Les <strong>billets<\/strong> pour cette soir\u00e9e exceptionnelle \u00e0 L&rsquo;\u00c9lys\u00e9e Montmartre sont propos\u00e9s au <strong>prix<\/strong> de <strong>34,50\u00a0\u20ac<\/strong>. Face \u00e0 la popularit\u00e9 croissante de Tinlicker sur la sc\u00e8ne \u00e9lectronique internationale, il est vivement conseill\u00e9 de <strong>r\u00e9server<\/strong> ses places rapidement. Le groupe, qui a notamment atteint la premi\u00e8re place des charts dance dans plusieurs pays avec leur album &lsquo;This Is Not Our Universe&rsquo;, attire un public fid\u00e8le et passionn\u00e9.<\/p>\n<p>Pour d\u00e9couvrir l&rsquo;ensemble de la programmation du trio, consultez les <a href=\"https:\/\/www.jds.fr\/artistes\/tinlicker-8894_N\" rel=\"nofollow noopener\" target=\"_blank\">autres \u00e9v\u00e9nements de Tinlicker<\/a> pr\u00e9vus dans le cadre de leur tourn\u00e9e europ\u00e9enne.<\/p>\n<p>Le parcours artistique de Tinlicker<\/p>\n<p>Form\u00e9 en 2012 par <strong>Micha Heyboer<\/strong> et rejoint en 2014 par <strong>Jordi van Achthoven<\/strong>, Tinlicker s&rsquo;est impos\u00e9 comme une r\u00e9f\u00e9rence de la progressive house europ\u00e9enne. Leur signature sonore unique associe des influences revendiqu\u00e9es de Paul Kalkbrenner, Trentem\u00f8ller et Moderat, cr\u00e9ant un univers o\u00f9 se m\u00ealent synth\u00e9s m\u00e9lodiques, voix soul et \u00e9l\u00e9ments orchestraux.<\/p>\n<p>Le duo a connu une cons\u00e9cration internationale avec l&rsquo;album <strong>&lsquo;This Is Not Our Universe&rsquo;<\/strong> (2019), qui a domin\u00e9 les charts dance dans plusieurs pays. Leur opus suivant, <strong>&lsquo;Cold Enough for Snow&rsquo;<\/strong> (2024), a \u00e9t\u00e9 d\u00e9sign\u00e9 &lsquo;Album of the Year&rsquo; par Dancing Astronaut, confirmant leur statut d&rsquo;artistes incontournables de la sc\u00e8ne \u00e9lectronique mondiale.<\/p>\n<p>Comment acc\u00e9der \u00e0 L&rsquo;\u00c9lys\u00e9e Montmartre Paris\u00a0?<\/p>\n<p>Pour rejoindre <a href=\"https:\/\/www.jds.fr\/paris\/salle-de-concert\/l-elysee-montmartre-15288_L\" rel=\"nofollow noopener\" target=\"_blank\">L&rsquo;\u00c9lys\u00e9e Montmartre<\/a>, les transports en commun constituent l&rsquo;option la plus pratique. La <strong>station de m\u00e9tro Anvers<\/strong> (ligne 2) se trouve \u00e0 seulement 20 m\u00e8tres de l&rsquo;\u00e9tablissement, offrant un acc\u00e8s imm\u00e9diat. Les stations <strong>Pigalle<\/strong> (ligne 12) et <strong>Barb\u00e8s-Rochechouart<\/strong> (lignes 2 et 4) constituent \u00e9galement des alternatives accessibles \u00e0 pied.<\/p>\n<p>Pour ceux qui pr\u00e9f\u00e8rent venir en voiture, l&rsquo;itin\u00e9raire recommand\u00e9 passe par la <strong>sortie Porte de Clignancourt<\/strong> depuis le p\u00e9riph\u00e9rique, puis le Boulevard de Rochechouart. Plusieurs parkings sont disponibles \u00e0 proximit\u00e9, notamment le <strong>Q-Park Anvers-Montmartre<\/strong> et le <strong>parking SAEMES du Square d&rsquo;Anvers<\/strong>, tous deux situ\u00e9s au 41 Boulevard de Rochechouart.<\/p>\n<p class=\"mise_en_avant\">Notre conseil\u00a0: privil\u00e9giez le m\u00e9tro ligne 2 jusqu&rsquo;\u00e0 la station Anvers pour un acc\u00e8s direct et sans contrainte de stationnement.<\/p>\n<p>Les m\u00e9lomanes pourront \u00e9galement d\u00e9couvrir prochainement <a href=\"https:\/\/www.jds.fr\/paris\/concerts\/rock\/lebanon-hanover-et-guest-978871_A\" rel=\"nofollow noopener\" target=\"_blank\">Lebanon Hanover &amp; Guest \u00e0 L&rsquo;\u00c9lys\u00e9e Montmartre<\/a>, dans cette salle qui continue d&rsquo;attirer les talents les plus prometteurs de la sc\u00e8ne musicale alternative.<\/p>\n<p class=\"font-size-30 fw-bold lh-1 mt-0 mb-4\">Je trouve les meilleures sorties dans ma ville<\/p>\n","protected":false},"excerpt":{"rendered":"Le duo \u00e9lectronique n\u00e9erlandais Tinlicker se produira en concert \u00e0 L&rsquo;\u00c9lys\u00e9e Montmartre \u00e0 Paris le vendredi 6 mars&hellip;\n","protected":false},"author":2,"featured_media":40537,"comment_status":"","ping_status":"","sticky":false,"template":"","format":"standard","meta":{"footnotes":""},"categories":[1586],"tags":[11,1777,674,1779,1011,27,12,25,1778,364],"class_list":{"0":"post-487916","1":"post","2":"type-post","3":"status-publish","4":"format-standard","5":"has-post-thumbnail","7":"category-europe","8":"tag-actualites","9":"tag-eu","10":"tag-europe","11":"tag-european-union","12":"tag-fr","13":"tag-france","14":"tag-news","15":"tag-republique-francaise","16":"tag-ue","17":"tag-union-europeenne"},"share_on_mastodon":{"url":"https:\/\/pubeurope.com\/@fr\/115431946551615700","error":""},"_links":{"self":[{"href":"https:\/\/www.europesays.com\/fr\/wp-json\/wp\/v2\/posts\/487916","targetHints":{"allow":["GET"]}}],"collection":[{"href":"https:\/\/www.europesays.com\/fr\/wp-json\/wp\/v2\/posts"}],"about":[{"href":"https:\/\/www.europesays.com\/fr\/wp-json\/wp\/v2\/types\/post"}],"author":[{"embeddable":true,"href":"https:\/\/www.europesays.com\/fr\/wp-json\/wp\/v2\/users\/2"}],"replies":[{"embeddable":true,"href":"https:\/\/www.europesays.com\/fr\/wp-json\/wp\/v2\/comments?post=487916"}],"version-history":[{"count":0,"href":"https:\/\/www.europesays.com\/fr\/wp-json\/wp\/v2\/posts\/487916\/revisions"}],"wp:featuredmedia":[{"embeddable":true,"href":"https:\/\/www.europesays.com\/fr\/wp-json\/wp\/v2\/media\/40537"}],"wp:attachment":[{"href":"https:\/\/www.europesays.com\/fr\/wp-json\/wp\/v2\/media?parent=487916"}],"wp:term":[{"taxonomy":"category","embeddable":true,"href":"https:\/\/www.europesays.com\/fr\/wp-json\/wp\/v2\/categories?post=487916"},{"taxonomy":"post_tag","embeddable":true,"href":"https:\/\/www.europesays.com\/fr\/wp-json\/wp\/v2\/tags?post=487916"}],"curies":[{"name":"wp","href":"https:\/\/api.w.org\/{rel}","templated":true}]}}