{"id":487921,"date":"2025-10-25T00:27:12","date_gmt":"2025-10-25T00:27:12","guid":{"rendered":"https:\/\/www.europesays.com\/fr\/487921\/"},"modified":"2025-10-25T00:27:12","modified_gmt":"2025-10-25T00:27:12","slug":"moodys-offre-un-sursis-a-la-france-en-maintenant-sa-note-mais-avec-une-perspective-negative","status":"publish","type":"post","link":"https:\/\/www.europesays.com\/fr\/487921\/","title":{"rendered":"Moody\u2019s offre un sursis \u00e0 la France en maintenant sa note mais avec une perspective \u00ab\u00a0n\u00e9gative\u00a0\u00bb"},"content":{"rendered":"<p>En pleine bataille <a href=\"https:\/\/www.20minutes.fr\/economie\/budget\/\" target=\"_blank\" class=\"c-link c-link--is-underlined\" rel=\"noopener\">budg\u00e9taire<\/a> \u00e0 l\u2019Assembl\u00e9e nationale, la France \u00e9vite de justesse une d\u00e9gradation de sa note souveraine. Vendredi, <a href=\"https:\/\/www.20minutes.fr\/economie\/moody_s\/\" target=\"_blank\" class=\"c-link c-link--is-underlined\" rel=\"noopener\">Moody\u2019s<\/a> a confirm\u00e9 la notation Aa3 de la dette fran\u00e7aise, tout en abaissant la perspective \u00e0 \u00ab\u00a0n\u00e9gative\u00a0\u00bb, invoquant des risques croissants pour la stabilit\u00e9 politique et institutionnelle du pays.<\/p>\n<p>Alors que <a href=\"https:\/\/www.20minutes.fr\/economie\/fitch\/\" target=\"_blank\" class=\"c-link c-link--is-underlined\" rel=\"noopener\">Fitch<\/a> et <a href=\"https:\/\/www.20minutes.fr\/dossier\/standard_poor_s\" target=\"_blank\" class=\"c-link c-link--is-underlined\" rel=\"noopener\">S &amp; P Global<\/a> ont r\u00e9trograd\u00e9 la note fran\u00e7aise \u00e0 A +\u00a0ces derni\u00e8res semaines, Moody\u2019s choisit la prudence. L\u2019agence explique que sa d\u00e9cision \u00ab\u00a0refl\u00e8te les risques croissants d\u2019un affaiblissement des institutions et de la gouvernance en France\u00a0\u00bb, pointant un \u00ab\u00a0recul partiel des r\u00e9formes structurelles\u00a0\u00bb et le risque \u00ab\u00a0d\u2019une fragmentation durable du paysage politique\u00a0\u00bb. Elle redoute que des <a href=\"https:\/\/www.20minutes.fr\/dossier\/gouvernement\" target=\"_blank\" class=\"c-link c-link--is-underlined\" rel=\"noopener\">gouvernements<\/a> successifs \u00ab\u00a0continuent \u00e0 avoir du mal \u00e0 obtenir une majorit\u00e9 parlementaire\u00a0\u00bb, ce qui pourrait freiner les r\u00e9formes \u00e9conomiques.<\/p>\n<\/p>\n<p>Un appel au compromis budg\u00e9taire<\/p>\n<p>Le <a href=\"https:\/\/www.20minutes.fr\/dossier\/ministre_de_l_economie\" target=\"_blank\" class=\"c-link c-link--is-underlined\" rel=\"noopener\">ministre de l\u2019Economie et des Finances<\/a>, Roland Lescure, a aussit\u00f4t r\u00e9agi, d\u00e9clarant que cette d\u00e9cision \u00ab\u00a0t\u00e9moigne de l\u2019absolue n\u00e9cessit\u00e9 de construire un chemin collectif vers un compromis budg\u00e9taire\u00a0\u00bb. Le gouvernement entend maintenir son objectif de d\u00e9ficit \u00e0 5,4\u00a0% du <a href=\"https:\/\/www.20minutes.fr\/economie\/pib\/\" target=\"_blank\" class=\"c-link c-link--is-underlined\" rel=\"noopener\">PIB<\/a> en\u00a02025, et ramener ce dernier sous les 3\u00a0% \u00e0 l\u2019horizon\u00a02029, tout en \u00ab\u00a0pr\u00e9servant la croissance\u00a0\u00bb.<\/p>\n<p><a href=\"https:\/\/www.20minutes.fr\/dossier\/finances_publiques\" target=\"_blank\" class=\"c-link c-btn c-btn--primary\" rel=\"noopener\">Notre dossier sur les finances publiques<\/a><\/p>\n<p>Pour Paul Chollet, chef \u00e9conomiste du Cr\u00e9dit Mutuel Ark\u00e9a, les <a href=\"https:\/\/www.20minutes.fr\/economie\/marches\/\" target=\"_blank\" class=\"c-link c-link--is-underlined\" rel=\"noopener\">march\u00e9s<\/a> ont d\u00e9j\u00e0 int\u00e9gr\u00e9 ces fragilit\u00e9s. \u00ab\u00a0Les march\u00e9s traitent actuellement la dette fran\u00e7aise au niveau d\u2019une note A ou A-, deux ou trois crans en dessous du Aa3 de Moody\u2019s.\u00a0\u00bb Selon lui, l\u2019agence a pr\u00e9f\u00e9r\u00e9 temporiser, estimant qu\u2019un vote du budget d\u2019ici au 31\u00a0d\u00e9cembre offrirait un sursis au gouvernement. De son c\u00f4t\u00e9, Samy Chaar, chef \u00e9conomiste de Lombard Odier, souligne que \u00ab\u00a0l\u2019\u00e9conomie fran\u00e7aise r\u00e9siste pour l\u2019heure \u00e0 l\u2019instabilit\u00e9\u00a0: l\u2019activit\u00e9 des entreprises et le march\u00e9 de l\u2019emploi maintiennent leur dynamique. Nous ne voyons aucun signe de crise \u00e9conomique en France\u00a0\u00bb.<\/p>\n","protected":false},"excerpt":{"rendered":"En pleine bataille budg\u00e9taire \u00e0 l\u2019Assembl\u00e9e nationale, la France \u00e9vite de justesse une d\u00e9gradation de sa note souveraine.&hellip;\n","protected":false},"author":2,"featured_media":487922,"comment_status":"","ping_status":"","sticky":false,"template":"","format":"standard","meta":{"footnotes":""},"categories":[4],"tags":[47,11,416,1003,33,590,34558,1011,27,8235,14485,12,6311,25,11067,59501],"class_list":{"0":"post-487921","1":"post","2":"type-post","3":"status-publish","4":"format-standard","5":"has-post-thumbnail","7":"category-france","8":"tag-actualite","9":"tag-actualites","10":"tag-assemblee-nationale","11":"tag-budget","12":"tag-economie","13":"tag-finance","14":"tag-fitch","15":"tag-fr","16":"tag-france","17":"tag-ministre-de-leconomie","18":"tag-moodys","19":"tag-news","20":"tag-pib","21":"tag-republique-francaise","22":"tag-sebastien-lecornu","23":"tag-standard-poors"},"share_on_mastodon":{"url":"https:\/\/pubeurope.com\/@fr\/115431974032457382","error":""},"_links":{"self":[{"href":"https:\/\/www.europesays.com\/fr\/wp-json\/wp\/v2\/posts\/487921","targetHints":{"allow":["GET"]}}],"collection":[{"href":"https:\/\/www.europesays.com\/fr\/wp-json\/wp\/v2\/posts"}],"about":[{"href":"https:\/\/www.europesays.com\/fr\/wp-json\/wp\/v2\/types\/post"}],"author":[{"embeddable":true,"href":"https:\/\/www.europesays.com\/fr\/wp-json\/wp\/v2\/users\/2"}],"replies":[{"embeddable":true,"href":"https:\/\/www.europesays.com\/fr\/wp-json\/wp\/v2\/comments?post=487921"}],"version-history":[{"count":0,"href":"https:\/\/www.europesays.com\/fr\/wp-json\/wp\/v2\/posts\/487921\/revisions"}],"wp:featuredmedia":[{"embeddable":true,"href":"https:\/\/www.europesays.com\/fr\/wp-json\/wp\/v2\/media\/487922"}],"wp:attachment":[{"href":"https:\/\/www.europesays.com\/fr\/wp-json\/wp\/v2\/media?parent=487921"}],"wp:term":[{"taxonomy":"category","embeddable":true,"href":"https:\/\/www.europesays.com\/fr\/wp-json\/wp\/v2\/categories?post=487921"},{"taxonomy":"post_tag","embeddable":true,"href":"https:\/\/www.europesays.com\/fr\/wp-json\/wp\/v2\/tags?post=487921"}],"curies":[{"name":"wp","href":"https:\/\/api.w.org\/{rel}","templated":true}]}}