{"id":487927,"date":"2025-10-25T00:35:11","date_gmt":"2025-10-25T00:35:11","guid":{"rendered":"https:\/\/www.europesays.com\/fr\/487927\/"},"modified":"2025-10-25T00:35:11","modified_gmt":"2025-10-25T00:35:11","slug":"cc-coupe-de-france-albi-elite-hommes-1-les-partants-actualite","status":"publish","type":"post","link":"https:\/\/www.europesays.com\/fr\/487927\/","title":{"rendered":"CC &#8211; Coupe de France &#8211; Albi &#8211; \u00c9lite Hommes #1 : Les partants &#8211; Actualit\u00e9"},"content":{"rendered":"<p style=\"text-align: justify;\">La premi\u00e8re manche de la Coupe de France \u00c9lite Hommes de cyclo-cross se dispute ce samedi 25 octobre \u00e0 Albi (Tarn). Le d\u00e9part sera donn\u00e9 \u00e0 15h25, pour une dur\u00e9e d&rsquo;environ 60&prime;. La course sera \u00e0 suivre en direct sur DirectVelo. Retrouvez ci-dessous la liste d&rsquo;appel et des partants. Toutes les informations <strong><a href=\"https:\/\/cdn.directvelo.com\/uploads\/racing\/races\/68f6ac51cb16e.pdf\" target=\"_blank\" rel=\"noopener\">en cliquant ici<\/a><\/strong>.<\/p>\n<p><strong>La liste d&rsquo;appel :<\/strong><br \/>1 1 MENUT David AS BIKE RACING \/ FRANCE LITERIE<br \/>1 2 SPARFEL Aubin DECATHLON AG2R LA MONDIALE DEVELOPMENT TEAM<br \/>1 4 GABRIEL Timoth\u00e9 TEAM CX TPM<br \/>1 3 ROUILLER Loris (SUI) AS BIKE RACING \/ FRANCE LITERIE<br \/>1 5 BOMMENEL Nathan ACT CYCLING<br \/>1 13 JOT Mat\u00e9o TEAM CX TPM<br \/>1 31 DUBAU Lucas TEAM PELTRAX &#8211; CSD<br \/>1 17 RECULEAU Nicolas U.C. MONTMEYRAN VALENCE<br \/>2 32 GILLES Cyprien ES TORIGNI<br \/>2 23 REMONDET Valentin AMICALE CYCLISTE BISONTINE<br \/>2 19 BETON Damien UNION CYCLISTE PELUSSIN LOIRE PILAT<br \/>2 7 LELANDAIS R\u00e9mi ARKEA-B&amp;B HOTELS CONTINENTALE<br \/>2 14 VERRIER Tristan TEAM GUEVEL ROADBORN<br \/>2 16 NAVARRO Quentin E. C. CLERMONT-FERRAND<br \/>2 9 GAILLARD Florian TEAM CROSS TECHNO CONCEPT URBALOC<br \/>2 10 LAVIGNAC Matthieu TEAM CROSS TECHNO CONCEPT URBALOC<br \/>3 37 LEMARDELE Maxence VC SAINT LO PONT HEBERT<br \/>3 12 JOT Hugo TEAM CX TPM<br \/>3 11 MORICHON Mathieu TEAM CX CHARTRES<br \/>3 18 VASNIER Dylan U.C. MONTMEYRAN VALENCE<br \/>3 6 SPARFEL Louis ACT CYCLING<br \/>3 49 LAUGER Yvonnick VS FERTOIS<br \/>3 22 FARNIER Julien V.S. ROMANAIS PEAGEOIS<br \/>3 29 SAVIGNARD Ma\u00ebl VELO SPRINT ANOULD<br \/>4 8 ALMANSA Cl\u00e9ment TEAM CROSS TECHNO CONCEPT URBALOC<br \/>4 30 TRIGO Florian TEAM VTT JEUMONT<br \/>4 27 JUTEL Paul Fran\u00e7ois VELOPLAIZ<br \/>4 48 TABURET Mathieu SABLE SARTHE CYCLISME PDL<br \/>4 34 LEPOITTEVIN DUBOST Joris TEAM BRICQUEBEC COTENTIN<br \/>4 38 PELLIER Pierre Mathieu DORDOGNE SUD CYCLISME<br \/>4 28 HYON Fran\u00e7ois EC FUMACIENNE<br \/>4 24 MORGANTI Louca E.C. BAUME LES DAMES<br \/>5 41 DELPECH Ludovic NIMES CYCLISME<br \/>5 15 GOURGOUILHON Maxime CLUB VIENNOIS D&rsquo;ANIMAT CY<br \/>5 50 SCHMITZ Ivan ES CAVAILLON<br \/>5 26 DREANO Victor VC PAYS DE LORIENT<br \/>5 44 BABIN Gr\u00e9goire AC BREVINOIS<br \/>5 33 GUERET Th\u00e9o ES TORIGNI<br \/>5 21 PONCHON Eliote V.C. VILLEFRANCHE BEAUJOLAIS<br \/>5 51 PLAUCHE Romaric VC LE THOR GADAGNE<br \/>6 25 OLLIVIER Gurvan TEAM SPRINT ENERGY<br \/>6 46 LOISEAU Paul LAVAL CYCLISME 53<br \/>6 36 DELPRAT Steven VC FERTE MACE<br \/>6 42 ROUSSILLOU Hugo ST JUERY OLYMPIQUE<br \/>6 20 AUSTIN Eliott V.C. ROANNAIS<br \/>6 45 MULON Hugo CA EVRON<br \/>6 35 LACHAIZE Antoine UNION CYCLISTE DU MORTAINAIS<br \/>6 40 ROCQUET David EXPRESSO RACING CLUB CYCLISTE LE BOULOU<br \/>7 47 BONNIN Florian POLE CYCLISME SAUMUROIS<br \/>7 39 PLAS Laudelino ALBI VELO SPORT<br \/>7 43 BERNIER Emilien VELO CLUB RODEZ<\/p>\n<p><strong>La liste des partants :<\/strong><br \/>1 MENUT David AS BIKE RACING \/ FRANCE LITERIE\u00a0<br \/>2 SPARFEL Aubin DECATHLON AG2R LA MONDIALE DEVELOPMENT TEAM\u00a0<br \/>3 ROUILLER Loris AS BIKE RACING \/ FRANCE LITERIE\u00a0<br \/>4 GABRIEL Timoth\u00e9 TEAM CX TPM\u00a0<br \/>5 BOMMENEL Nathan ACT CYCLING\u00a0<br \/>6 SPARFEL Louis ACT CYCLING\u00a0<br \/>7 LELANDAIS R\u00e9mi ARKEA-B&amp;B HOTELS CONTINENTALE\u00a0<br \/>8 ALMANSA Cl\u00e9ment TEAM CROSS TECHNO CONCEPT URBALOC\u00a0<br \/>9 GAILLARD Florian TEAM CROSS TECHNO CONCEPT URBALOC\u00a0<br \/>10 LAVIGNAC Matthieu TEAM CROSS TECHNO CONCEPT URBALOC\u00a0<br \/>11 MORICHON Mathieu TEAM CX CHARTRES\u00a0<br \/>12 JOT Hugo TEAM CX TPM\u00a0<br \/>13 JOT Mat\u00e9o TEAM CX TPM\u00a0<br \/>14 VERRIER Tristan TEAM GUEVEL ROADBORN\u00a0<br \/>15 GOURGOUILHON Maxime CLUB VIENNOIS D&rsquo;ANIMAT CY\u00a0<br \/>16 NAVARRO Quentin E. C. CLERMONT-FERRAND\u00a0<br \/>17 RECULEAU Nicolas U.C. MONTMEYRAN VALENCE\u00a0<br \/>18 VASNIER Dylan U.C. MONTMEYRAN VALENCE\u00a0<br \/>19 BETON Damien UNION CYCLISTE PELUSSIN LOIRE PILAT\u00a0<br \/>20 AUSTIN Eliott V.C. ROANNAIS\u00a0<br \/>21 PONCHON Eliote V.C. VILLEFRANCHE BEAUJOLAIS\u00a0<br \/>22 FARNIER Julien V.S. ROMANAIS PEAGEOIS\u00a0<br \/>23 REMONDET Valentin AMICALE CYCLISTE BISONTINE\u00a0<br \/>24 MORGANTI Louca E.C. BAUME LES DAMES\u00a0<br \/>25 OLLIVIER Gurvan TEAM SPRINT ENERGY\u00a0<br \/>26 DREANO Victor VC PAYS DE LORIENT\u00a0<br \/>27 JUTEL Paul Fran\u00e7ois VELOPLAIZ\u00a0<br \/>28 HYON Fran\u00e7ois EC FUMACIENNE\u00a0<br \/>29 SAVIGNARD Ma\u00ebl VELO SPRINT ANOULD\u00a0<br \/>30 TRIGO Florian TEAM VTT JEUMONT\u00a0<br \/>31 DUBAU Lucas TEAM PELTRAX &#8211; CSD\u00a0<br \/>32 GILLES Cyprien ES TORIGNI\u00a0<br \/>33 GUERET Th\u00e9o ES TORIGNI\u00a0<br \/>34 LEPOITTEVIN DUBOST Joris TEAM BRICQUEBEC COTENTIN\u00a0<br \/>35 LACHAIZE Antoine UNION CYCLISTE DU MORTAINAIS\u00a0<br \/>36 DELPRAT Steven VC FERTE MACE\u00a0<br \/>37 LEMARDELE Maxence VC SAINT LO PONT HEBERT\u00a0<br \/>38 PELLIER Pierre Mathieu DORDOGNE SUD CYCLISME\u00a0<br \/>39 PLAS Laudelino ALBI VELO SPORT\u00a0<br \/>40 ROCQUET David EXPRESSO RACING CLUB CYCLISTE LE BOULOU\u00a0<br \/>41 DELPECH Ludovic NIMES CYCLISME\u00a0<br \/>42 ROUSSILLOU Hugo ST JUERY OLYMPIQUE\u00a0<br \/>43 BERNIER Emilien VELO CLUB RODEZ\u00a0<br \/>44 BABIN Gr\u00e9goire AC BREVINOIS\u00a0<br \/>45 MULON Hugo CA EVRON\u00a0<br \/>46 LOISEAU Paul LAVAL CYCLISME 53\u00a0<br \/>47 BONNIN Florian POLE CYCLISME SAUMUROIS\u00a0<br \/>48 TABURET Mathieu SABLE SARTHE CYCLISME PDL\u00a0<br \/>49 LAUGER Yvonnick VS FERTOIS\u00a0<br \/>50 SCHMITZ Ivan ES CAVAILLON\u00a0<br \/>51 PLAUCHE Romaric VC LE THOR GADAGNE\u00a0<\/p>\n<p>L&rsquo;attribution des Box de d\u00e9pannage <strong><a href=\"https:\/\/www.directvelo.com\/uploads\/tinymce\/files\/2025\/Octobre\/box_de_depannage_sam_dim.pdf\" target=\"_blank\" rel=\"noopener\">en cliquant ici<\/a><\/strong>.<\/p>\n<p>Remerciements \u00e0 Fr\u00e9d\u00e9ric Lafargue &#8211; <a href=\"http:\/\/www.stsport.fr\" target=\"_blank\" rel=\"noopener\">www.stsport.fr<\/a><\/p>\n","protected":false},"excerpt":{"rendered":"La premi\u00e8re manche de la Coupe de France \u00c9lite Hommes de cyclo-cross se dispute ce samedi 25 octobre&hellip;\n","protected":false},"author":2,"featured_media":487928,"comment_status":"","ping_status":"","sticky":false,"template":"","format":"standard","meta":{"footnotes":""},"categories":[1411],"tags":[834,828,836,829,837,827,83,826,824,823,1154,207,814,817,815,816,822,821,832,211,839,1011,27,820,818,819,835,831,830,833,838,60,212,208,825],"class_list":{"0":"post-487927","1":"post","2":"type-post","3":"status-publish","4":"format-standard","5":"has-post-thumbnail","7":"category-cyclisme","8":"tag-attaque","9":"tag-belgique","10":"tag-braquet","11":"tag-bretagne","12":"tag-chute","13":"tag-competition","14":"tag-coupe-de-france","15":"tag-coureur","16":"tag-course-cyclisme","17":"tag-course-cycliste","18":"tag-cycling","19":"tag-cyclisme","20":"tag-direct","21":"tag-direct-velo","22":"tag-directvelo","23":"tag-directvelo-com","24":"tag-epreuve","25":"tag-epreuve-cycliste","26":"tag-federation-francaise-de-cyclisme","27":"tag-ffc","28":"tag-flandres","29":"tag-fr","30":"tag-france","31":"tag-live","32":"tag-live-course","33":"tag-live-epreuve","34":"tag-peloton","35":"tag-radio-peloton","36":"tag-radio-tour","37":"tag-ravitaillement","38":"tag-relance","39":"tag-sports","40":"tag-uci","41":"tag-velo","42":"tag-velos"},"share_on_mastodon":{"url":"https:\/\/pubeurope.com\/@fr\/115432005594647441","error":""},"_links":{"self":[{"href":"https:\/\/www.europesays.com\/fr\/wp-json\/wp\/v2\/posts\/487927","targetHints":{"allow":["GET"]}}],"collection":[{"href":"https:\/\/www.europesays.com\/fr\/wp-json\/wp\/v2\/posts"}],"about":[{"href":"https:\/\/www.europesays.com\/fr\/wp-json\/wp\/v2\/types\/post"}],"author":[{"embeddable":true,"href":"https:\/\/www.europesays.com\/fr\/wp-json\/wp\/v2\/users\/2"}],"replies":[{"embeddable":true,"href":"https:\/\/www.europesays.com\/fr\/wp-json\/wp\/v2\/comments?post=487927"}],"version-history":[{"count":0,"href":"https:\/\/www.europesays.com\/fr\/wp-json\/wp\/v2\/posts\/487927\/revisions"}],"wp:featuredmedia":[{"embeddable":true,"href":"https:\/\/www.europesays.com\/fr\/wp-json\/wp\/v2\/media\/487928"}],"wp:attachment":[{"href":"https:\/\/www.europesays.com\/fr\/wp-json\/wp\/v2\/media?parent=487927"}],"wp:term":[{"taxonomy":"category","embeddable":true,"href":"https:\/\/www.europesays.com\/fr\/wp-json\/wp\/v2\/categories?post=487927"},{"taxonomy":"post_tag","embeddable":true,"href":"https:\/\/www.europesays.com\/fr\/wp-json\/wp\/v2\/tags?post=487927"}],"curies":[{"name":"wp","href":"https:\/\/api.w.org\/{rel}","templated":true}]}}