{"id":487937,"date":"2025-10-25T00:42:20","date_gmt":"2025-10-25T00:42:20","guid":{"rendered":"https:\/\/www.europesays.com\/fr\/487937\/"},"modified":"2025-10-25T00:42:20","modified_gmt":"2025-10-25T00:42:20","slug":"le-chanteur-tayc-annonce-quil-va-a-nouveau-devenir-papa","status":"publish","type":"post","link":"https:\/\/www.europesays.com\/fr\/487937\/","title":{"rendered":"Le chanteur Tayc annonce qu&rsquo;il va \u00e0 nouveau devenir papa"},"content":{"rendered":"<p>Dans une publication publi\u00e9e sur Instagram ce vendredi 24 octobre, le chanteur Tayc a annonc\u00e9 qu&rsquo;il allait devenir papa pour la deuxi\u00e8me fois, attendrissant ses abonn\u00e9s. <\/p>\n<p>Tayc aime semer le doute \u00e0 propos de sa vie priv\u00e9e.<a href=\"https:\/\/www.programme-tv.net\/news\/musique\/297701-la-famille-sagrandit-bientot-tayc-bientot-papa-le-chanteur-devoile-une-mysterieuse-video-sur-instagram\/\" data-api-deeplink=\"teleloisirs:\/\/news\/297701\" target=\"_blank\" rel=\"noopener\"> En 2022, le chanteur avait annonc\u00e9 qu&rsquo;il allait devenir papa pour la premi\u00e8re fois le plus grand plaisir de ses fans.<\/a> Mai<a href=\"https:\/\/www.programme-tv.net\/news\/people\/309379-tayc-papa-et-marie-le-chanteur-et-gagnant-de-danse-avec-les-stars-11-revele-enfin-la-verite-sur-sa-vie-privee\/\" data-api-deeplink=\"teleloisirs:\/\/news\/309379\" target=\"_blank\" rel=\"noopener\">s il avait finalement d\u00e9menti cette annonce fracassante sur le plateau d&rsquo;Erika Moulet, expliquant qu&rsquo;il entendait simplement faire la promotion de son nouveau single<\/a>. \u00ab\u00a0J&rsquo;ai frapp\u00e9 fort pour la sortie de ce titre. C&rsquo;est un titre o\u00f9 je dis \u00e0 ma ch\u00e9rie de me donner un enfant\u00a0\u00bb. Je me suis dit\u2009: &lsquo;Quoi de mieux que de faire croire que ma ch\u00e9rie m&rsquo;avait en effet donn\u00e9 un enfant\u2009?'\u00a0\u00bb, expliquait-il alors, reconnaissant cependant que ce buzz l&rsquo;avait totalement d\u00e9pass\u00e9. Deux ans plus tard, c&rsquo;est son complice Dadju qui r\u00e9v\u00e9lait que le chanteur \u00e9tait effectivement devenu papa d&rsquo;un petit gar\u00e7on lors d&rsquo;une interview, le mettant tr\u00e8s mal \u00e0 l&rsquo;aise. <a href=\"https:\/\/www.programme-tv.net\/news\/musique\/380506-je-nai-plus-trop-gout-a-la-vie-tayc-fait-une-grande-annonce-concernant-la-suite-de-sa-carriere\/\" data-api-deeplink=\"teleloisirs:\/\/news\/380506\" target=\"_blank\" rel=\"noopener\">Au micro de L\u00e9a Salam\u00e9, le chanteur a d&rsquo;ailleurs annonc\u00e9, il y a quelques mois, qu&rsquo;il voulait faire une pause dans sa carri\u00e8re musicale, notamment pour voir grandir son fils. <\/a><\/p>\n<p>                        Tayc d\u00e9voile l&rsquo;image d&rsquo;une \u00e9chographie sur son compte Instagram<\/p>\n<p>Dans cette m\u00eame interview, Tayc \u00e9voquait ces derniers mois difficiles. \u00ab\u00a0C\u2019est dur quand m\u00eame. Cette vie, elle n\u2019est pas non plus faite que de belles choses. J\u2019ai eu une ann\u00e9e 2024 tr\u00e8s difficile, j\u2019ai perdu mon fr\u00e8re. Je n\u2019ai plus trop go\u00fbt \u00e0 la vie et \u00e0 la musique en ce moment. C\u2019est peut-\u00eatre ma derni\u00e8re interview avec vous L\u00e9a\u00a0\u00bb, l\u00e2chait-il. Mais une bonne nouvelle annonc\u00e9e ce vendredi 24 octobre sur son compte Instagram devrait lui redonner le sourire. <b>\u00ab\u00a0Ma mission est finie\u2026 +1\u00a0\u00bb<\/b>, a-t-il l\u00e9gend\u00e9 une publication Instagram, sur laquelle on aper\u00e7oit le ventre d&rsquo;une femme enceinte et une \u00e9chographie. Il n&rsquo;en dit pas plus sur la date d&rsquo;arriv\u00e9e du b\u00e9b\u00e9 ou son sexe. L&rsquo;annonce du gagnant de la saison 11 de Danse avec les stars a \u00e9t\u00e9 unanimement salu\u00e9e. <a href=\"https:\/\/www.programme-tv.net\/biographie\/439802-vandamme-ines\/\" data-link-people=\"ca1bf2fe-06be-4cda-bb63-53283df80d8e\" target=\"_blank\" rel=\"noopener\">In\u00e8s Vandamme<\/a> et <a href=\"https:\/\/www.programme-tv.net\/biographie\/2117953-gonzalez-melanie\/\" data-link-people=\"d9c5a3c8-d998-4871-8474-c864d2f96660\" target=\"_blank\" rel=\"noopener\">M\u00e9lanie Gonzalez<\/a> l&rsquo;ont f\u00e9licit\u00e9 pour cet heureux \u00e9v\u00e9nement, tout comme ses abonn\u00e9s.<\/p>\n<p>            Tayc avait annonc\u00e9 qu&rsquo;il souhaitait faire une pause dans sa carri\u00e8re<\/p>\n<p>Apr\u00e8s son annonce fracassante sur la pause qu&rsquo;il entendait faire dans sa carri\u00e8re, <a href=\"https:\/\/www.programme-tv.net\/biographie\/1044-salame-lea\/\" data-link-people=\"5c093c14-70e3-4f88-8231-98d25b01dc6f\" target=\"_blank\" rel=\"noopener\">L\u00e9a Salam\u00e9<\/a> avait interrog\u00e9 Tayc sur ses projets. \u00ab\u00a0Aujourd\u2019hui je m\u2019int\u00e9resse \u00e0 beaucoup de choses. Je lis des livres, je discute aussi. [\u2026] La musique c\u2019est bien, les showcases c\u2019est bien, les interviews, tout \u00e7a. Mais il y a la vie, la vraie\u00a0\u00bb, lui avait-il r\u00e9pondu. Il peut ajouter pouponner \u00e0 sa liste !<\/p>\n<blockquote class=\"instagram-media\" data-instgrm-captioned=\"\" data-instgrm-permalink=\"https:\/\/www.instagram.com\/p\/DQMpvDxDPOL\/?utm_source=ig_embed&amp;utm_campaign=loading\" data-instgrm-version=\"14\" style=\" background:#FFF; border:0; border-radius:3px; box-shadow:0 0 1px 0 rgba(0,0,0,0.5),0 1px 10px 0 rgba(0,0,0,0.15); margin: 1px; max-width:658px; min-width:326px; padding:0; width:99.375%; width:-webkit-calc(100% - 2px); width:calc(100% - 2px);\"\/>\n<p>        <script async src=\"\/\/www.instagram.com\/embed.js\"><\/script><\/p>\n","protected":false},"excerpt":{"rendered":"Dans une publication publi\u00e9e sur Instagram ce vendredi 24 octobre, le chanteur Tayc a annonc\u00e9 qu&rsquo;il allait devenir&hellip;\n","protected":false},"author":2,"featured_media":487938,"comment_status":"","ping_status":"","sticky":false,"template":"","format":"standard","meta":{"footnotes":""},"categories":[1355],"tags":[244,194,58,59,1011,27,1361,873,28585,1630],"class_list":{"0":"post-487937","1":"post","2":"type-post","3":"status-publish","4":"format-standard","5":"has-post-thumbnail","7":"category-musique","8":"tag-commentaire","9":"tag-danse-avec-les-stars","10":"tag-divertissement","11":"tag-entertainment","12":"tag-fr","13":"tag-france","14":"tag-music","15":"tag-musique","16":"tag-tayc","17":"tag-zapping"},"share_on_mastodon":{"url":"https:\/\/pubeurope.com\/@fr\/115432033081017930","error":""},"_links":{"self":[{"href":"https:\/\/www.europesays.com\/fr\/wp-json\/wp\/v2\/posts\/487937","targetHints":{"allow":["GET"]}}],"collection":[{"href":"https:\/\/www.europesays.com\/fr\/wp-json\/wp\/v2\/posts"}],"about":[{"href":"https:\/\/www.europesays.com\/fr\/wp-json\/wp\/v2\/types\/post"}],"author":[{"embeddable":true,"href":"https:\/\/www.europesays.com\/fr\/wp-json\/wp\/v2\/users\/2"}],"replies":[{"embeddable":true,"href":"https:\/\/www.europesays.com\/fr\/wp-json\/wp\/v2\/comments?post=487937"}],"version-history":[{"count":0,"href":"https:\/\/www.europesays.com\/fr\/wp-json\/wp\/v2\/posts\/487937\/revisions"}],"wp:featuredmedia":[{"embeddable":true,"href":"https:\/\/www.europesays.com\/fr\/wp-json\/wp\/v2\/media\/487938"}],"wp:attachment":[{"href":"https:\/\/www.europesays.com\/fr\/wp-json\/wp\/v2\/media?parent=487937"}],"wp:term":[{"taxonomy":"category","embeddable":true,"href":"https:\/\/www.europesays.com\/fr\/wp-json\/wp\/v2\/categories?post=487937"},{"taxonomy":"post_tag","embeddable":true,"href":"https:\/\/www.europesays.com\/fr\/wp-json\/wp\/v2\/tags?post=487937"}],"curies":[{"name":"wp","href":"https:\/\/api.w.org\/{rel}","templated":true}]}}