{"id":487975,"date":"2025-10-25T01:08:14","date_gmt":"2025-10-25T01:08:14","guid":{"rendered":"https:\/\/www.europesays.com\/fr\/487975\/"},"modified":"2025-10-25T01:08:14","modified_gmt":"2025-10-25T01:08:14","slug":"grand-est-le-grand-sapin-de-st-quirin-est-arrive-a-strasbourg","status":"publish","type":"post","link":"https:\/\/www.europesays.com\/fr\/487975\/","title":{"rendered":"Grand Est. Le grand sapin de St-Quirin est arriv\u00e9 \u00e0 Strasbourg"},"content":{"rendered":"<p>Un mois avant l\u2019inauguration du march\u00e9 de No\u00ebl strasbourgeois, l\u2019incontournable grand sapin de la place Kl\u00e9ber a \u00e9t\u00e9 install\u00e9 vendredi vers 8h45. Malgr\u00e9 la menace des intemp\u00e9ries, l\u2019op\u00e9ration s\u2019est d\u00e9roul\u00e9e sans encombre, sous les yeux des passants impressionn\u00e9s. Cette ann\u00e9e, l\u2019arbre d\u2019une soixantaine d\u2019ann\u00e9es a \u00e9t\u00e9 coup\u00e9 dans la for\u00eat de Saint-Quirin (Pays de Sarrebourg), lundi. Comme d\u2019habitude, il a \u00e9t\u00e9 choisi par l\u2019Office national des for\u00eats.Une grosse semaine sera ensuite n\u00e9cessaire pour refixer ses branches \u00e0 la main. <strong>A.C.C.<\/strong><\/p>\n","protected":false},"excerpt":{"rendered":"Un mois avant l\u2019inauguration du march\u00e9 de No\u00ebl strasbourgeois, l\u2019incontournable grand sapin de la place Kl\u00e9ber a \u00e9t\u00e9&hellip;\n","protected":false},"author":2,"featured_media":487976,"comment_status":"","ping_status":"","sticky":false,"template":"","format":"standard","meta":{"footnotes":""},"categories":[2820],"tags":[1111,11,1687,1777,674,3326,1011,27,775,12,25,640],"class_list":{"0":"post-487975","1":"post","2":"type-post","3":"status-publish","4":"format-standard","5":"has-post-thumbnail","7":"category-strasbourg","8":"tag-actu","9":"tag-actualites","10":"tag-culture-loisirs","11":"tag-eu","12":"tag-europe","13":"tag-fete-locale","14":"tag-fr","15":"tag-france","16":"tag-grand-est","17":"tag-news","18":"tag-republique-francaise","19":"tag-strasbourg"},"share_on_mastodon":{"url":"https:\/\/pubeurope.com\/@fr\/115432135335832217","error":""},"_links":{"self":[{"href":"https:\/\/www.europesays.com\/fr\/wp-json\/wp\/v2\/posts\/487975","targetHints":{"allow":["GET"]}}],"collection":[{"href":"https:\/\/www.europesays.com\/fr\/wp-json\/wp\/v2\/posts"}],"about":[{"href":"https:\/\/www.europesays.com\/fr\/wp-json\/wp\/v2\/types\/post"}],"author":[{"embeddable":true,"href":"https:\/\/www.europesays.com\/fr\/wp-json\/wp\/v2\/users\/2"}],"replies":[{"embeddable":true,"href":"https:\/\/www.europesays.com\/fr\/wp-json\/wp\/v2\/comments?post=487975"}],"version-history":[{"count":0,"href":"https:\/\/www.europesays.com\/fr\/wp-json\/wp\/v2\/posts\/487975\/revisions"}],"wp:featuredmedia":[{"embeddable":true,"href":"https:\/\/www.europesays.com\/fr\/wp-json\/wp\/v2\/media\/487976"}],"wp:attachment":[{"href":"https:\/\/www.europesays.com\/fr\/wp-json\/wp\/v2\/media?parent=487975"}],"wp:term":[{"taxonomy":"category","embeddable":true,"href":"https:\/\/www.europesays.com\/fr\/wp-json\/wp\/v2\/categories?post=487975"},{"taxonomy":"post_tag","embeddable":true,"href":"https:\/\/www.europesays.com\/fr\/wp-json\/wp\/v2\/tags?post=487975"}],"curies":[{"name":"wp","href":"https:\/\/api.w.org\/{rel}","templated":true}]}}