{"id":487984,"date":"2025-10-25T01:13:14","date_gmt":"2025-10-25T01:13:14","guid":{"rendered":"https:\/\/www.europesays.com\/fr\/487984\/"},"modified":"2025-10-25T01:13:14","modified_gmt":"2025-10-25T01:13:14","slug":"bordeaux-un-nouveau-parc-ludo-educatif-propose-une-mini-ville-pour-les-enfants","status":"publish","type":"post","link":"https:\/\/www.europesays.com\/fr\/487984\/","title":{"rendered":"Bordeaux : un nouveau parc ludo-\u00e9ducatif propose une mini-ville pour les enfants"},"content":{"rendered":"\n<p>\u00c9voluer dans les rayons d&rsquo;un supermarch\u00e9, jouer au chef cuisinier, m\u00e9decin, policier, coiffeur ou encore pompier. Une ville enti\u00e8re mais \u00e0 taille d&rsquo;enfant. \u00a0Ce samedi 25 octobre, Cours du M\u00e9doc, \u00e0 Bordeaux, c&rsquo;est un concept in\u00e9dit qui ouvre ses portes au num\u00e9ro 170. Une mini-ville sur un espace de 650 m2. Son nom : Palomano.<\/p>\n<p>\u00a0<\/p>\n<p>Une mini-ville immersive pour d\u00e9couvrir les m\u00e9tiers tout en s&rsquo;amusant<\/p>\n<p>Le concept est n\u00e9 en 2022 de l&rsquo;imagination de Benjamin, Nathan et Nina Mendelson. Ces parents de six enfants avaient constat\u00e9 le manque d&rsquo;activit\u00e9s ludiques et p\u00e9dagogiques en int\u00e9rieur. Palomano \u00e9tait n\u00e9.<\/p>\n<p>Au coeur des 650 m2, un supermarch\u00e9, un a\u00e9roport, un commissariat, un h\u00f4pital, un salon de beaut\u00e9, une caserne de pompiers, une cuisine. Avec des jeux, jouets ou encore d\u00e9guisements pour se mettre en totale immersion pendant une session de deux heures. Des animateurs sont aussi pr\u00e9sents dans l&rsquo;ensemble du parc pour sensibiliser les enfants sur diff\u00e9rentes th\u00e9matiques telles que l&rsquo;\u00e9cologie, la diversit\u00e9 et le bien-\u00eatre.<\/p>\n<p>Pour les 0-3 ans, un espace Palo-Biblio avec une salle de motricit\u00e9, un parcours d&rsquo;\u00e9veil et un coin lecture a \u00e9t\u00e9 mis en place.\u00a0<\/p>\n<p style=\"font-weight: 400;\">\ud83d\udccdPalomano Bordeaux &#8211; 170 Cours du M\u00e9doc &#8211; Bordeaux<\/p>\n<p style=\"font-weight: 400;\">\ud83d\udcc6 Hors vacances scolaires : mardi, jeudi et vendredi de 14h40 \u00e0 19h. Mercredi, samedi, et dimanche de 9h20 \u00e0 19h. Pendant les vacances scolaires : ouverture tous les jours. Lundi, mercredi, vendredi, samedi et dimanche de 9h20 \u00e0 19h. Mardi et jeudi de 13h \u00e0 19h.<\/p>\n","protected":false},"excerpt":{"rendered":"\u00c9voluer dans les rayons d&rsquo;un supermarch\u00e9, jouer au chef cuisinier, m\u00e9decin, policier, coiffeur ou encore pompier. Une ville&hellip;\n","protected":false},"author":2,"featured_media":487985,"comment_status":"","ping_status":"","sticky":false,"template":"","format":"standard","meta":{"footnotes":""},"categories":[2817],"tags":[1111,11,663,1997,2904,61100,1777,674,1011,27,2905,14924,61103,12,2219,61101,61102,61104,6890,1311,25,61105],"class_list":{"0":"post-487984","1":"post","2":"type-post","3":"status-publish","4":"format-standard","5":"has-post-thumbnail","7":"category-bordeaux","8":"tag-actu","9":"tag-actualites","10":"tag-aeroport","11":"tag-bordeaux","12":"tag-bordeaux-metropole","13":"tag-cours-du-medoc","14":"tag-eu","15":"tag-europe","16":"tag-fr","17":"tag-france","18":"tag-gironde","19":"tag-immersion","20":"tag-mini-ville","21":"tag-news","22":"tag-nouvelle-aquitaine","23":"tag-palomano","24":"tag-palomano-bordeaux","25":"tag-parcours-immersif","26":"tag-policiers","27":"tag-pompiers","28":"tag-republique-francaise","29":"tag-salon-de-beaute"},"share_on_mastodon":{"url":"https:\/\/pubeurope.com\/@fr\/115432155005475690","error":""},"_links":{"self":[{"href":"https:\/\/www.europesays.com\/fr\/wp-json\/wp\/v2\/posts\/487984","targetHints":{"allow":["GET"]}}],"collection":[{"href":"https:\/\/www.europesays.com\/fr\/wp-json\/wp\/v2\/posts"}],"about":[{"href":"https:\/\/www.europesays.com\/fr\/wp-json\/wp\/v2\/types\/post"}],"author":[{"embeddable":true,"href":"https:\/\/www.europesays.com\/fr\/wp-json\/wp\/v2\/users\/2"}],"replies":[{"embeddable":true,"href":"https:\/\/www.europesays.com\/fr\/wp-json\/wp\/v2\/comments?post=487984"}],"version-history":[{"count":0,"href":"https:\/\/www.europesays.com\/fr\/wp-json\/wp\/v2\/posts\/487984\/revisions"}],"wp:featuredmedia":[{"embeddable":true,"href":"https:\/\/www.europesays.com\/fr\/wp-json\/wp\/v2\/media\/487985"}],"wp:attachment":[{"href":"https:\/\/www.europesays.com\/fr\/wp-json\/wp\/v2\/media?parent=487984"}],"wp:term":[{"taxonomy":"category","embeddable":true,"href":"https:\/\/www.europesays.com\/fr\/wp-json\/wp\/v2\/categories?post=487984"},{"taxonomy":"post_tag","embeddable":true,"href":"https:\/\/www.europesays.com\/fr\/wp-json\/wp\/v2\/tags?post=487984"}],"curies":[{"name":"wp","href":"https:\/\/api.w.org\/{rel}","templated":true}]}}