{"id":487990,"date":"2025-10-25T01:16:16","date_gmt":"2025-10-25T01:16:16","guid":{"rendered":"https:\/\/www.europesays.com\/fr\/487990\/"},"modified":"2025-10-25T01:16:16","modified_gmt":"2025-10-25T01:16:16","slug":"lms-j8-chartres-frappe-fort-dijon-signe-sa-premiere-et-toulouse-de-justesse","status":"publish","type":"post","link":"https:\/\/www.europesays.com\/fr\/487990\/","title":{"rendered":"LMS (J8) | Chartres frappe fort, Dijon signe sa premi\u00e8re et Toulouse de justesse !"},"content":{"rendered":"<p style=\"text-align: justify;\" data-start=\"133\" data-end=\"386\"><img loading=\"lazy\" decoding=\"async\" class=\"size-large wp-image-327575\" src=\"https:\/\/www.europesays.com\/fr\/wp-content\/uploads\/2025\/10\/2025.09.06-PAUC_Chartres-035-1024x683.jpg\" alt=\"C'Chartres M\u00e9tropole Handball - Cr\u00e9dit : Nicolas HERMITTE\" width=\"1024\" height=\"683\"\/><\/p>\n<p style=\"text-align: justify;\" data-start=\"133\" data-end=\"386\"><strong>\u00c0 l\u2019approche de la tr\u00eave internationale, la 8e journ\u00e9e de Starligue r\u00e9serve son lot d\u2019\u00e9motions. Chartres a cr\u00e9\u00e9 la sensation \u00e0 N\u00eemes, Toulouse s\u2019est impos\u00e9 sur le fil \u00e0 S\u00e9lestat, tandis que Dunkerque a rechut\u00e9 face \u00e0 Dijon.<\/strong><\/p>\n<p><strong data-start=\"1559\" data-end=\"1610\">Chartres surprend N\u00eemes et frappe un grand coup<\/strong><\/p>\n<p style=\"text-align: justify;\" data-start=\"1614\" data-end=\"2165\">Sur le parquet du <strong data-start=\"1632\" data-end=\"1644\">Parnasse<\/strong>, <strong data-start=\"1646\" data-end=\"1658\">Chartres<\/strong> a cr\u00e9\u00e9 la surprise en s\u2019imposant 29-25 face \u00e0<strong data-start=\"1707\" data-end=\"1721\">\u00a0N\u00eemes<\/strong>. Les locaux n\u2019auront jamais r\u00e9ussi \u00e0 mener la danse, malgr\u00e9 un bon <strong data-start=\"1789\" data-end=\"1806\">Wesley Pardin<\/strong> (31 % d&rsquo;arr\u00eat). Priv\u00e9 de <strong data-start=\"1847\" data-end=\"1856\">V\u00e9rin<\/strong>, <strong data-start=\"1858\" data-end=\"1870\">Carvalho<\/strong>, <strong data-start=\"1872\" data-end=\"1883\">Cadarso<\/strong> et <strong data-start=\"1887\" data-end=\"1896\">Minel<\/strong>, <strong data-start=\"1898\" data-end=\"1910\">Chartres<\/strong> a fait preuve de courage et de solidarit\u00e9. Men\u00e9s bri\u00e8vement en d\u00e9but de rencontre (4-3, 5\u2019), les Chartrains ont ensuite pris le contr\u00f4le du match, profitant des pertes de balle et des approximations gardoises pour virer en t\u00eate \u00e0 la pause (13-16, 30\u2019).<\/p>\n<p style=\"text-align: justify;\" data-start=\"2167\" data-end=\"2662\">Les visiteurs ont ensuite contenu les tentatives de retour des N\u00eemois, agressifs mais peu inspir\u00e9s en sup\u00e9riorit\u00e9 num\u00e9rique. L\u2019\u00e9cart est rest\u00e9 stable avant un 3-0 d\u00e9cisif (19-22, 50\u2019 \u2192 19-25, 51\u2019) qui a scell\u00e9 le sort du match. Malgr\u00e9 un l\u00e9ger sursaut d\u2019orgueil en fin de partie, <strong data-start=\"2451\" data-end=\"2460\">N\u00eemes<\/strong> a d\u00fb s\u2019incliner face \u00e0 la ma\u00eetrise chartraine. Cette victoire pr\u00e9cieuse permet \u00e0 <strong data-start=\"2542\" data-end=\"2554\">Chartres<\/strong> de respirer <a href=\"https:\/\/handnews.fr\/2025\/lms-un-istres-a-deux-vitesses-qui-craque-face-a-chambery\/\" target=\"_blank\" rel=\"noopener\">dans la course au maintien<\/a>, tandis que les Gardois s\u2019enfoncent un peu plus au classement.<\/p>\n<p><img loading=\"lazy\" decoding=\"async\" class=\"size-full wp-image-328597\" src=\"https:\/\/www.europesays.com\/fr\/wp-content\/uploads\/2025\/10\/J04_Chambery-Toulouse@teamchambe_LaurentTheophile-3.jpg\" alt=\"\" width=\"1000\" height=\"667\"\/>NEMANJA ILIC (FENIX Toulouse HB)<br \/>\nToulouse sur le fil<\/p>\n<p style=\"text-align: justify;\" data-start=\"393\" data-end=\"1548\">Le <strong data-start=\"396\" data-end=\"414\">Fenix Toulouse<\/strong> a arrach\u00e9 une pr\u00e9cieuse victoire sur le parquet de <strong data-start=\"466\" data-end=\"478\">S\u00e9lestat<\/strong> (26-28), au terme d\u2019une rencontre ind\u00e9cise jusqu\u2019aux derni\u00e8res minutes. Bien lanc\u00e9s dans leur match (2-0, 2\u2019), les Alsaciens ont longtemps cru tenir leur premi\u00e8re victoire \u00e0 domicile, port\u00e9s par une d\u00e9fense solide et un collectif appliqu\u00e9. Mais malgr\u00e9 plusieurs occasions de creuser l\u2019\u00e9cart, <strong data-start=\"771\" data-end=\"783\">S\u00e9lestat<\/strong> a manqu\u00e9 d\u2019efficacit\u00e9 dans les moments cl\u00e9s. Dans un mano a mano intense, les locaux rentraient pourtant aux vestiaires avec une courte avance (13-12, 30\u2019). De son c\u00f4t\u00e9, <strong data-start=\"954\" data-end=\"966\">Toulouse<\/strong>, longtemps en difficult\u00e9, s\u2019est r\u00e9veill\u00e9 apr\u00e8s 45 minutes. Le jeune <strong data-start=\"1035\" data-end=\"1052\">Jules Gougeon<\/strong> (18 ans) a alors montr\u00e9 la voie \u00e0 ses co\u00e9quipiers, d\u2019abord en \u00e9galisant (19-19, 44\u2019), puis en offrant un break (23-25, 55\u2019). Dans une fin de match irrespirable, deux arr\u00eats coup sur coup de <strong data-start=\"1243\" data-end=\"1259\">Simon M\u00f8ller<\/strong>, un arr\u00eat sur jet de sept m\u00e8tres de <strong data-start=\"1296\" data-end=\"1311\">Jef Lettens<\/strong> et un but au bout de la possession sign\u00e9 <strong data-start=\"1353\" data-end=\"1370\">Ernest Pineau<\/strong>, ont scell\u00e9 la victoire du <strong data-start=\"1398\" data-end=\"1407\">Fenix<\/strong>. Un succ\u00e8s important avant la tr\u00eave, tandis que <strong data-start=\"1456\" data-end=\"1468\">S\u00e9lestat<\/strong>, dominateur par s\u00e9quences, devra encore attendre pour d\u00e9bloquer son compteur.<\/p>\n<p><img loading=\"lazy\" decoding=\"async\" class=\"size-large wp-image-313438\" src=\"https:\/\/www.europesays.com\/fr\/wp-content\/uploads\/2025\/10\/PAUC-USDK-NHermitte23-1024x683.jpg\" alt=\"\" width=\"1024\" height=\"683\"\/>Equipe USDK &#8211; Cr\u00e9dit : Nicolas HERMITTE<br \/>\n<strong data-start=\"2673\" data-end=\"2725\">Dunkerque plonge encore, Dijon signe sa premi\u00e8re<\/strong><\/p>\n<p style=\"text-align: justify;\" data-start=\"2729\" data-end=\"3183\">Rien ne va plus pour l\u2019<strong data-start=\"2752\" data-end=\"2760\">USDK<\/strong>. Apr\u00e8s sa d\u00e9faite contre <strong data-start=\"2786\" data-end=\"2798\">S\u00e9lestat<\/strong>, Dunkerque s\u2019est de nouveau inclin\u00e9, cette fois \u00e0 <strong data-start=\"2853\" data-end=\"2862\">Dijon<\/strong> (31-24). Les Nordistes ont rapidement \u00e9t\u00e9 d\u00e9bord\u00e9s en premi\u00e8re p\u00e9riode par l\u2019efficacit\u00e9 offensive des Bourguignons, emmen\u00e9s par <strong data-start=\"2991\" data-end=\"3009\">Lucien Auffret<\/strong> (9\/14) et <strong data-start=\"3020\" data-end=\"3039\">Alexis Berthier<\/strong> (7\/11). Malgr\u00e9 quelques arr\u00eats de <strong data-start=\"3074\" data-end=\"3084\">Romero<\/strong>, la d\u00e9fense dunkerquoise a souffert et accusait d\u00e9j\u00e0 six buts de retard \u00e0 la pause (18-12, 30\u2019).<\/p>\n<p style=\"text-align: justify;\" data-start=\"3185\" data-end=\"3948\">Au retour des vestiaires, les Nordistes ont montr\u00e9 de meilleures intentions. Malgr\u00e9 le carton rouge de <strong data-start=\"3288\" data-end=\"3305\">Quentin Dupuy<\/strong>, <strong data-start=\"3307\" data-end=\"3325\">Diogo Oliveira<\/strong> a permis aux siens de revenir \u00e0 une longueur (22-21, 45\u2019). Mais <strong data-start=\"3390\" data-end=\"3406\">Wassim Helal<\/strong>, imp\u00e9rial dans les cages dijonnaises, a an\u00e9anti tout espoir de remont\u00e9e. <strong data-start=\"3480\" data-end=\"3493\">Dunkerque<\/strong> a tenu (25-23, 52\u2019), avant de craquer dans les derni\u00e8res minutes, offrant \u00e0 <strong data-start=\"3570\" data-end=\"3579\">Dijon<\/strong> sa premi\u00e8re victoire de la saison. Pass\u00e9s tout pr\u00e8s du succ\u00e8s \u00e0 <strong data-start=\"3644\" data-end=\"3654\">Cesson<\/strong> (33-33) puis \u00e0 <strong data-start=\"3670\" data-end=\"3681\">Limoges<\/strong> (32-31), les Dijonnais tiennent enfin leur premier succ\u00e8s dans l\u2019\u00e9lite. <strong data-start=\"3754\" data-end=\"3763\">Dijon<\/strong> reste 15e, \u00e0 \u00e9galit\u00e9 de points avec <strong data-start=\"3800\" data-end=\"3812\">S\u00e9lestat<\/strong> (3 pts), premier non rel\u00e9gable. Tandis que <strong data-start=\"3856\" data-end=\"3869\">Dunkerque<\/strong> voit la tr\u00eave arriver comme une occasion de souffler et de repartir de z\u00e9ro.<\/p>\n<p style=\"text-align: justify;\" data-start=\"3185\" data-end=\"3948\">\u00a0 \u00a0 \u00a0 \u00a0 \u00a0 \u00a0 \u00a0 \u00a0 \u00a0 \u00a0 \u00a0 \u00a0 \u00a0 \u00a0 \u00a0 \u00a0 \u00a0 \u00a0 \u00a0 \u00a0 \u00a0 \u00a0 \u00a0 \u00a0 \u00a0 \u00a0 \u00a0 \u00a0 \u00a0 \u00a0 \u00a0 \u00a0 \u00a0 \u00a0 \u00a0 \u00a0 \u00a0 \u00a0 \u00a0 \u00a0 \u00a0 \u00a0 \u00a0 \u00a0 \u00a0 \u00a0 \u00a0 \u00a0 \u00a0 \u00a0 \u00a0 \u00a0 \u00a0 \u00a0 \u00a0 \u00a0 \u00a0 \u00a0 \u00a0 \u00a0 \u00a0 \u00a0 \u00a0 \u00a0 \u00a0 \u00a0 \u00a0 \u00a0 \u00a0 \u00a0 Ilann Thuel<\/p>\n","protected":false},"excerpt":{"rendered":"\u00c0 l\u2019approche de la tr\u00eave internationale, la 8e journ\u00e9e de Starligue r\u00e9serve son lot d\u2019\u00e9motions. Chartres a cr\u00e9\u00e9&hellip;\n","protected":false},"author":2,"featured_media":487991,"comment_status":"","ping_status":"","sticky":false,"template":"","format":"standard","meta":{"footnotes":""},"categories":[2816],"tags":[1111,11,61106,61107,61108,61109,1777,674,1011,27,61110,61111,61112,12,2680,25,50404,2312,61113,50407],"class_list":{"0":"post-487990","1":"post","2":"type-post","3":"status-publish","4":"format-standard","5":"has-post-thumbnail","7":"category-toulouse","8":"tag-actu","9":"tag-actualites","10":"tag-alejandro-romero","11":"tag-alexis-berthier","12":"tag-diogo-olivera","13":"tag-ernest-pineau","14":"tag-eu","15":"tag-europe","16":"tag-fr","17":"tag-france","18":"tag-jef-lettens","19":"tag-jules-gougeon","20":"tag-lucien-auffret","21":"tag-news","22":"tag-occitanie","23":"tag-republique-francaise","24":"tag-simon-moller","25":"tag-toulouse","26":"tag-wassim-helal","27":"tag-wesley-pardin"},"share_on_mastodon":{"url":"https:\/\/pubeurope.com\/@fr\/115432167319400300","error":""},"_links":{"self":[{"href":"https:\/\/www.europesays.com\/fr\/wp-json\/wp\/v2\/posts\/487990","targetHints":{"allow":["GET"]}}],"collection":[{"href":"https:\/\/www.europesays.com\/fr\/wp-json\/wp\/v2\/posts"}],"about":[{"href":"https:\/\/www.europesays.com\/fr\/wp-json\/wp\/v2\/types\/post"}],"author":[{"embeddable":true,"href":"https:\/\/www.europesays.com\/fr\/wp-json\/wp\/v2\/users\/2"}],"replies":[{"embeddable":true,"href":"https:\/\/www.europesays.com\/fr\/wp-json\/wp\/v2\/comments?post=487990"}],"version-history":[{"count":0,"href":"https:\/\/www.europesays.com\/fr\/wp-json\/wp\/v2\/posts\/487990\/revisions"}],"wp:featuredmedia":[{"embeddable":true,"href":"https:\/\/www.europesays.com\/fr\/wp-json\/wp\/v2\/media\/487991"}],"wp:attachment":[{"href":"https:\/\/www.europesays.com\/fr\/wp-json\/wp\/v2\/media?parent=487990"}],"wp:term":[{"taxonomy":"category","embeddable":true,"href":"https:\/\/www.europesays.com\/fr\/wp-json\/wp\/v2\/categories?post=487990"},{"taxonomy":"post_tag","embeddable":true,"href":"https:\/\/www.europesays.com\/fr\/wp-json\/wp\/v2\/tags?post=487990"}],"curies":[{"name":"wp","href":"https:\/\/api.w.org\/{rel}","templated":true}]}}