{"id":487996,"date":"2025-10-25T01:20:21","date_gmt":"2025-10-25T01:20:21","guid":{"rendered":"https:\/\/www.europesays.com\/fr\/487996\/"},"modified":"2025-10-25T01:20:21","modified_gmt":"2025-10-25T01:20:21","slug":"course-pedestre-marseille-cassis-les-restrictions-de-circulation-et-de-stationnement","status":"publish","type":"post","link":"https:\/\/www.europesays.com\/fr\/487996\/","title":{"rendered":"Course p\u00e9destre &#8211; Marseille-Cassis : les restrictions de circulation et de stationnement"},"content":{"rendered":"<p>La 46e \u00e9dition de Marseille-Cassis, c\u00e9l\u00e8bre classique internationale, aura lieu ce dimanche. 20000 coureurs sont donc attendus au d\u00e9part \u00e0 9h devant le stade V\u00e9lodrome en direction de Cassis, sur les hauteurs au milieu des vignes non loin de la gare, via le fameux col de La Gineste.<\/p>\n<p><a href=\"https:\/\/www.marseille-cassis.com\/fr\/infos-pratiques\/transports\" target=\"_blank\" rel=\"noopener\">Un dispositif de transports en commun<\/a> a \u00e9t\u00e9 mis en place avec des autocars pour les coureurs mais aussi des trains (gratuit pour les coureurs et 8 euros pr les accompagnants et les spectateurs avec le pass Marseille-Cassis).<\/p>\n<p>\u00c0 PROXIMIT\u00c9 DU D\u00c9PART<\/p>\n<p>Entr\u00e9e des v\u00e9hicules uniquement par le Rond-Point du Prado<\/p>\n<p>Stationnement possible au parc Chanot (7 euros la journ\u00e9e)<\/p>\n<p>Sortie pi\u00e9tons par la porte C, Boulevard Raymond Teisseire<\/p>\n<p>DU C\u00d4T\u00c9 DE CASSIS<\/p>\n<p>Acc\u00e8s ferm\u00e9 (ou filtr\u00e9) \u00e0 partir de 7h30<\/p>\n<p>Stationnement interdit en dehors des parkings du centre-ville<\/p>\n<p>Parking des Gorguettes : parking ferm\u00e9 ce dimanche de 7h30 \u00e0 14h, aucun v\u00e9hicule ne pourra sortir<br \/>Route de Carnoux : stationnement autoris\u00e9 au-dessus du Mussuguet de part et d&rsquo;autre de la chauss\u00e9e et dans le sens de circulation<\/p>\n<p>Aucun stationnement autoris\u00e9 sur les routes partant de Roquefort-la-B\u00e9doule et de Bellefille ferm\u00e9es \u00e0 la circulation d\u00e8s ce dimanche \u00e0\u00a0 5h30<\/p>\n","protected":false},"excerpt":{"rendered":"La 46e \u00e9dition de Marseille-Cassis, c\u00e9l\u00e8bre classique internationale, aura lieu ce dimanche. 20000 coureurs sont donc attendus au&hellip;\n","protected":false},"author":2,"featured_media":487997,"comment_status":"","ping_status":"","sticky":false,"template":"","format":"standard","meta":{"footnotes":""},"categories":[2814],"tags":[17,1111,11,3542,6466,1777,674,1011,27,151,884,54068,12,16882,882,25,16524,60,6173],"class_list":{"0":"post-487996","1":"post","2":"type-post","3":"status-publish","4":"format-standard","5":"has-post-thumbnail","7":"category-marseille","8":"tag-17","9":"tag-actu","10":"tag-actualites","11":"tag-circulation","12":"tag-course","13":"tag-eu","14":"tag-europe","15":"tag-fr","16":"tag-france","17":"tag-les","18":"tag-marseille","19":"tag-marseille-cassis","20":"tag-news","21":"tag-pedestre","22":"tag-provence-alpes-cote-dazur","23":"tag-republique-francaise","24":"tag-restrictions","25":"tag-sports","26":"tag-stationnement"},"share_on_mastodon":{"url":"https:\/\/pubeurope.com\/@fr\/115432182475105399","error":""},"_links":{"self":[{"href":"https:\/\/www.europesays.com\/fr\/wp-json\/wp\/v2\/posts\/487996","targetHints":{"allow":["GET"]}}],"collection":[{"href":"https:\/\/www.europesays.com\/fr\/wp-json\/wp\/v2\/posts"}],"about":[{"href":"https:\/\/www.europesays.com\/fr\/wp-json\/wp\/v2\/types\/post"}],"author":[{"embeddable":true,"href":"https:\/\/www.europesays.com\/fr\/wp-json\/wp\/v2\/users\/2"}],"replies":[{"embeddable":true,"href":"https:\/\/www.europesays.com\/fr\/wp-json\/wp\/v2\/comments?post=487996"}],"version-history":[{"count":0,"href":"https:\/\/www.europesays.com\/fr\/wp-json\/wp\/v2\/posts\/487996\/revisions"}],"wp:featuredmedia":[{"embeddable":true,"href":"https:\/\/www.europesays.com\/fr\/wp-json\/wp\/v2\/media\/487997"}],"wp:attachment":[{"href":"https:\/\/www.europesays.com\/fr\/wp-json\/wp\/v2\/media?parent=487996"}],"wp:term":[{"taxonomy":"category","embeddable":true,"href":"https:\/\/www.europesays.com\/fr\/wp-json\/wp\/v2\/categories?post=487996"},{"taxonomy":"post_tag","embeddable":true,"href":"https:\/\/www.europesays.com\/fr\/wp-json\/wp\/v2\/tags?post=487996"}],"curies":[{"name":"wp","href":"https:\/\/api.w.org\/{rel}","templated":true}]}}