{"id":488005,"date":"2025-10-25T01:27:30","date_gmt":"2025-10-25T01:27:30","guid":{"rendered":"https:\/\/www.europesays.com\/fr\/488005\/"},"modified":"2025-10-25T01:27:30","modified_gmt":"2025-10-25T01:27:30","slug":"une-ville-tellement-inspirante-ancien-pianiste-dans-la-rue-james-malikey-fait-ses-debuts-sur-scene-a-paris","status":"publish","type":"post","link":"https:\/\/www.europesays.com\/fr\/488005\/","title":{"rendered":"\u00ab\u00a0Une ville tellement inspirante\u00a0\u00bb\u00a0: ancien pianiste dans la rue, James Malikey fait ses d\u00e9buts sur sc\u00e8ne \u00e0 Paris"},"content":{"rendered":"<p class=\"paragraph text_align_left lp-f-body-02\">C\u2019est un jeune prodige aux doigts de velours et au visage enfantin. Venu de Belgique, il est tomb\u00e9 amoureux de <a href=\"https:\/\/www.leparisien.fr\/paris-75\/\" target=\"_self\" rel=\"noopener\">Paris<\/a>. \u00c0 seulement 25 ans, le pianiste Benjamin Ceyssens, alias <a href=\"https:\/\/www.instagram.com\/jamesmalikey\/\" target=\"_self\" rel=\"noopener\">James Malikey<\/a>, donne pourtant le sentiment d\u2019avoir d\u00e9j\u00e0 v\u00e9cu plusieurs vies.<\/p>\n<p class=\"paragraph text_align_left lp-f-body-02\">\u00ab Je n\u2019ai jamais cherch\u00e9 \u00e0 devenir c\u00e9l\u00e8bre, juste \u00e0 cr\u00e9er mon propre univers et laisser une trace dans la musique \u00bb, confie l\u2019artiste n\u00e9 \u00e0 Genk, aujourd\u2019hui suivi par pr\u00e8s de 500 000 personnes sur TikTok. Sur YouTube, les vid\u00e9os de ses solos cumulent des millions de vues.<\/p>\n<p class=\"paragraph text_align_left lp-f-body-02\">Il y a un an encore, James Malikey sillonnait les rues de la capitale pour y installer son clavier et gagner sa vie en partageant sa musique aupr\u00e8s des Parisiens. Ce samedi soir, au <a href=\"https:\/\/www.leparisien.fr\/culture-loisirs\/sortir-region-parisienne\/c-est-nouveau-au-360-paris-music-factory-l-art-n-a-pas-debarriere-20-01-2020-8240229.php\" target=\"_self\" rel=\"noopener\">360 Paris Music Factory (XVIIIe)<\/a>, il se produira sur sc\u00e8ne devant pr\u00e8s de 300 personnes pour la toute premi\u00e8re fois dans la Ville Lumi\u00e8re, l\u00e0 o\u00f9 sa carri\u00e8re a sans doute pris un tournant d\u00e9cisif.<\/p>\n<p>Laur\u00e9at de la version belge de \u00ab La France a un incroyable talent \u00bb<\/p>\n<p class=\"paragraph text_align_left lp-f-body-02\">Le gar\u00e7on n\u2019a que 4 ans lorsqu\u2019il pose les mains sur un clavier pour la premi\u00e8re fois. \u00ab C\u2019est ma grande s\u0153ur qui m\u2019a appris \u00bb, se souvient James Malikey. Le talent est pr\u00e9coce. Il remporte plusieurs prix locaux de musique classique, et est aussi suivi par la concertiste br\u00e9silienne Eliane Rodrigues, aujourd\u2019hui professeure au conservatoire royal d\u2019Anvers.<\/p>\n<p class=\"paragraph text_align_left lp-f-body-02\">\u00c0 15 ans, il d\u00e9cide de s\u2019\u00e9loigner du piano classique, pour composer ses propres morceaux. \u00ab Je dirais que mon style est plut\u00f4t n\u00e9oclassique, je joue avec beaucoup d\u2019\u00e9motion, de nostalgie \u00bb, analyse l\u2019artiste.<\/p>\n<p class=\"paragraph text_align_left lp-f-body-02\">En 2019, il entre au conservatoire d\u2019Anvers, mais n\u2019y reste qu\u2019un an \u00e0 peine. Et pour cause, James Malikey remporte la m\u00eame ann\u00e9e l\u2019\u00e9mission \u00ab Belgium\u2019s got talent \u00bb, d\u00e9clinaison belge du programme <a href=\"https:\/\/www.leparisien.fr\/culture-loisirs\/tv\/la-france-a-un-incroyable-talent-sur-m6-gagnante-en-2023-la-troupe-mega-unity-a-salarie-20-danseurs-18-12-2024-CWVAZGSJXFBFNHZWJBJJVZTC6I.php\" target=\"_self\" rel=\"noopener\">\u00ab La France a un incroyable talent \u00bb<\/a>. Un succ\u00e8s qui devait lui ouvrir les portes d\u2019une belle carri\u00e8re musicale. Puis, la crise du Covid-19 frappe le monde entier. Impossible pour James de se produire en concert. Un coup d\u2019arr\u00eat.<\/p>\n<p>\u00ab Paris poss\u00e8de une \u00e9nergie, une lumi\u00e8re particuli\u00e8re \u00bb<\/p>\n<p class=\"paragraph text_align_left lp-f-body-02\">Peu de temps apr\u00e8s, le jeune homme est frapp\u00e9 par le d\u00e9c\u00e8s de son meilleur ami. Une \u00e9preuve douloureuse qui pousse le pianiste \u00e0 \u00ab tout plaquer \u00bb. Il d\u00e9cide de voyager \u00e0 travers l\u2019Europe, avec son clavier et son tr\u00e9pied, pour se produire dans la rue et gagner un peu d\u2019argent \u00ab au chapeau \u00bb. Il d\u00e9couvre Barcelone, Vienne, mais surtout Paris, o\u00f9 il d\u00e9barque en 2022.<\/p>\n<p class=\"paragraph text_align_left lp-f-body-02\">Le jeune virtuose s\u2019installe \u00e0 Belleville et se produit aux quatre coins de la capitale : sur <a href=\"https:\/\/www.leparisien.fr\/faits-divers\/paris-un-quinquagenaire-depouille-et-jete-dans-la-seine-par-cinq-agresseurs-15-10-2025-3FNHJUV7LZB4DORLRSUY4EMTVI.php\" target=\"_self\" rel=\"noopener\">le pont d\u2019Arcole (IVe)<\/a>, la place des Vosges, devant Notre-Dame de Paris et l\u2019\u00e9glise Saint-Sulpice (VIe), le quartier de <a href=\"https:\/\/www.leparisien.fr\/hauts-de-seine-92\/la-defense-le-quartier-daffaires-un-modele-economique-a-bout-de-souffle-qui-doit-se-reinventer-02-10-2025-UME3A3NMSVH2ZMR3OQMRTXZ5KY.php\" target=\"_self\" rel=\"noopener\">La D\u00e9fense<\/a>, dans des gares, des centres commerciaux\u2026 \u00ab Paris est une ville tellement inspirante, confie James. J\u2019ai trouv\u00e9 ici une lumi\u00e8re, une \u00e9nergie particuli\u00e8re, notamment sur le pont d\u2019Arcole, sous les cand\u00e9labres et au-dessus de la Seine \u00bb.<\/p>\n<p><img decoding=\"async\" class=\"image \" loading=\"lazy\" src=\"https:\/\/www.europesays.com\/fr\/wp-content\/uploads\/2025\/10\/MEPTW6OYVNFVPNKY7C6L2C24HM.jpg\" alt=\"Entre 2022 et 2024, James Malikey installait son piano dans divers lieux symboliques de Paris, comme ici au pont d'Arcole pr\u00e8s de l'H\u00f4tel de Ville (IVe), pour faire d\u00e9couvrir sa musique aux passants. DR\" align=\"\" data-rubrique-principale=\"\" data-article-type=\"\" fetchpriority=\"auto\"\/>Entre 2022 et 2024, James Malikey installait son piano dans divers lieux symboliques de Paris, comme ici au pont d&rsquo;Arcole pr\u00e8s de l&rsquo;H\u00f4tel de Ville (IVe), pour faire d\u00e9couvrir sa musique aux passants. DR<\/p>\n<p class=\"paragraph text_align_left lp-f-body-02\">C\u2019est \u00e0 Paris que l\u2019artiste sort son premier album, \u00ab Illumination \u00bb, en d\u00e9cembre 2022. En parall\u00e8le, le succ\u00e8s de ses performances de rue fait d\u00e9coller son nombre d\u2019abonn\u00e9s sur les r\u00e9seaux sociaux. Et son virtuose s\u00e9duit les Parisiens. \u00ab Je pense que les gens n\u2019avaient pas forc\u00e9ment conscience que j\u2019\u00e9tais un pianiste professionnel, estime James Malikey. Certains me disaient que j\u2019avais illumin\u00e9 leur journ\u00e9e, \u00e7a m\u2019a \u00e9norm\u00e9ment touch\u00e9 et donn\u00e9 envie de pers\u00e9v\u00e9rer. \u00bb<\/p>\n<p>En concert \u00e0 Lisbonne, Londres, Berlin, New York\u2026<\/p>\n<p class=\"paragraph text_align_left lp-f-body-02\">Le succ\u00e8s de ses performances de rues permet au pianiste de renouer progressivement avec la sc\u00e8ne. En f\u00e9vrier dernier, il a foul\u00e9 la sc\u00e8ne mythique du Carnegie Hall de New York aux \u00c9tats-Unis. C\u2019est lui qui a directement pris contact avec la salle de spectacle du 360 pour l\u2019organisation de son concert de ce samedi \u00e0 Paris.<\/p>\n<p class=\"paragraph text_align_left lp-f-body-02\">\u00ab James cherchait une salle intimiste o\u00f9 se produire, et on a trouv\u00e9 que son travail et ses compositions correspondaient bien \u00e0 l\u2019esth\u00e9tique du lieu, salue Paul Balson, responsable du m\u00e9c\u00e9nat et des partenariats priv\u00e9s du 360 Paris Music Factory. On ressent beaucoup d\u2019\u00e9motion dans sa musique, mais aussi une forte connexion avec la nature. \u00bb<\/p>\n<p class=\"paragraph text_align_left lp-f-body-02\">Sa belle r\u00e9ussite actuelle, James Malikey ne la voit pas comme une forme de revanche, apr\u00e8s des ann\u00e9es compliqu\u00e9es. \u00ab J\u2019ai appris que la vie \u00e9tait quelque chose de fragile. Il a fallu passer par des moments difficiles pour apprendre \u00e0 rebondir. Je veux juste cr\u00e9er mon monde et y croire \u00e0 fond \u00bb, philosophe le jeune artiste belge. Cette premi\u00e8re date parisienne n\u2019est qu\u2019un d\u00e9but, car James Malikey poursuit actuellement une tourn\u00e9e mondiale.<\/p>\n<p class=\"paragraph text_align_left lp-f-body-02\">Il se produira notamment \u00e0 Lisbonne en novembre prochain, avant de revenir sur sc\u00e8ne chez lui, \u00e0 Gand. Plusieurs dates sont \u00e9galement pr\u00e9vues en 2026 \u00e0 Londres, Berlin, mais aussi \u00e0 Varsovie en Pologne.<\/p>\n<p class=\"paragraph text_align_left lp-f-body-02\">James Malikey, en concert au 360 Paris Music Factory, ce samedi 25 octobre \u00e0 20 heures, 32, rue Myrha (XVIIIe). Infos et r\u00e9servation sur le360paris.com.<\/p>\n<p><script async src=\"\/\/www.instagram.com\/embed.js\"><\/script><\/p>\n","protected":false},"excerpt":{"rendered":"C\u2019est un jeune prodige aux doigts de velours et au visage enfantin. Venu de Belgique, il est tomb\u00e9&hellip;\n","protected":false},"author":2,"featured_media":488006,"comment_status":"","ping_status":"","sticky":false,"template":"","format":"standard","meta":{"footnotes":""},"categories":[1888],"tags":[11,872,1777,674,1011,27,1944,12,626,25],"class_list":{"0":"post-488005","1":"post","2":"type-post","3":"status-publish","4":"format-standard","5":"has-post-thumbnail","7":"category-paris","8":"tag-actualites","9":"tag-culture-et-loisirs","10":"tag-eu","11":"tag-europe","12":"tag-fr","13":"tag-france","14":"tag-ma-ville","15":"tag-news","16":"tag-paris","17":"tag-republique-francaise"},"share_on_mastodon":{"url":"https:\/\/pubeurope.com\/@fr\/115432210139806544","error":""},"_links":{"self":[{"href":"https:\/\/www.europesays.com\/fr\/wp-json\/wp\/v2\/posts\/488005","targetHints":{"allow":["GET"]}}],"collection":[{"href":"https:\/\/www.europesays.com\/fr\/wp-json\/wp\/v2\/posts"}],"about":[{"href":"https:\/\/www.europesays.com\/fr\/wp-json\/wp\/v2\/types\/post"}],"author":[{"embeddable":true,"href":"https:\/\/www.europesays.com\/fr\/wp-json\/wp\/v2\/users\/2"}],"replies":[{"embeddable":true,"href":"https:\/\/www.europesays.com\/fr\/wp-json\/wp\/v2\/comments?post=488005"}],"version-history":[{"count":0,"href":"https:\/\/www.europesays.com\/fr\/wp-json\/wp\/v2\/posts\/488005\/revisions"}],"wp:featuredmedia":[{"embeddable":true,"href":"https:\/\/www.europesays.com\/fr\/wp-json\/wp\/v2\/media\/488006"}],"wp:attachment":[{"href":"https:\/\/www.europesays.com\/fr\/wp-json\/wp\/v2\/media?parent=488005"}],"wp:term":[{"taxonomy":"category","embeddable":true,"href":"https:\/\/www.europesays.com\/fr\/wp-json\/wp\/v2\/categories?post=488005"},{"taxonomy":"post_tag","embeddable":true,"href":"https:\/\/www.europesays.com\/fr\/wp-json\/wp\/v2\/tags?post=488005"}],"curies":[{"name":"wp","href":"https:\/\/api.w.org\/{rel}","templated":true}]}}