{"id":488009,"date":"2025-10-25T01:29:12","date_gmt":"2025-10-25T01:29:12","guid":{"rendered":"https:\/\/www.europesays.com\/fr\/488009\/"},"modified":"2025-10-25T01:29:12","modified_gmt":"2025-10-25T01:29:12","slug":"les-usa-lukraine-et-la-russie-proches-dune-solution-diplomatique-emissaire-russe-25-10-2025-a-0201","status":"publish","type":"post","link":"https:\/\/www.europesays.com\/fr\/488009\/","title":{"rendered":"Les USA, l&rsquo;Ukraine et la Russie proches d&rsquo;une \u00ab\u00a0solution diplomatique\u00a0\u00bb-\u00e9missaire russe &#8211; 25\/10\/2025 \u00e0 02:01"},"content":{"rendered":"<p>\n par Gleb Bryanski et Jasper Ward\n<\/p>\n<p>\n Kirill<br \/>\nDmitriev, envoy\u00e9 sp\u00e9cial de Vladimir Poutine pour<br \/>\nl&rsquo;investissement et la coop\u00e9ration \u00e9conomique, a d\u00e9clar\u00e9<br \/>\nvendredi qu&rsquo;il pensait que Moscou, Washington et Kyiv \u00e9taient<br \/>\nproches d&rsquo;une solution diplomatique pour mettre fin \u00e0 la guerre<br \/>\nen Ukraine.\n<\/p>\n<p>\n La rencontre pr\u00e9vue entre le pr\u00e9sident am\u00e9ricain Donald<br \/>\nTrump et son homologue russe Vladimir Poutine n&rsquo;a pas \u00e9t\u00e9<br \/>\nannul\u00e9e mais report\u00e9e, a \u00e9galement dit Kirill Dmitriev \u00e0 CNN<br \/>\napr\u00e8s \u00eatre arriv\u00e9 \u00e0 Washington pour des discussions avec des<br \/>\nresponsables am\u00e9ricains.\n<\/p>\n<p>\n Donald Trump a d\u00e9clar\u00e9 mercredi avoir annul\u00e9 le sommet<br \/>\nattendu avec son homologue russe Vladimir Poutine, citant<br \/>\nl&rsquo;absence de progr\u00e8s diplomatiques et le sentiment que le moment<br \/>\nne lui semblait pas opportun pour une telle rencontre.\n<\/p>\n<p>\n \u00ab\u00a0Je pense que la Russie, les Etats-Unis et l&rsquo;Ukraine sont<br \/>\nassez proches d&rsquo;une solution diplomatique\u00a0\u00bb, a cependant d\u00e9clar\u00e9<br \/>\nvendredi Kirill Dmitriev, sans toutefois fournir de d\u00e9tails.\n<\/p>\n<p>\n Les Europ\u00e9ens planchent avec Kyiv sur un nouveau plan pour<br \/>\nmettre fin \u00e0 la guerre entre l&rsquo;Ukraine et la Russie qui serait<br \/>\nbas\u00e9 sur les lignes de front actuelles.\n<\/p>\n<p>\n \u00ab\u00a0Reconna\u00eetre que cela tient aux lignes de front, il s&rsquo;agit<br \/>\nd&rsquo;une grande avanc\u00e9e pour le pr\u00e9sident (ukrainien Volodimir)<br \/>\nZelensky\u00a0\u00bb, a estim\u00e9 Kirill Dmitriev. \u00ab\u00a0Vous savez, pr\u00e9c\u00e9demment,<br \/>\nsa position \u00e9tait que la Russie devait se retirer compl\u00e8tement.<br \/>\nJe pense donc que nous sommes assez proches d&rsquo;une solution<br \/>\ndiplomatique.\u00a0\u00bb\n<\/p>\n<p>\n Le d\u00e9placement de Kirill Dmitriev aux Etats-Unis, pr\u00e9vu de<br \/>\nlongue date, intervient alors que Washington a impos\u00e9 mercredi<br \/>\ndes sanctions contre la Russie en lien avec la guerre en<br \/>\nUkraine, ciblant les grandes entreprises p\u00e9troli\u00e8res russes<br \/>\nLukoil et Rosneft.\n<\/p>\n<p>\n Kirill Dmitriev, qui a refus\u00e9 de d\u00e9voiler qui il<br \/>\nrencontrerait lors de sa visite, a dit que le dialogue entre<br \/>\nMoscou et Washington se poursuivrait malgr\u00e9 les sanctions.\n<\/p>\n<p>\n Selon le site d&rsquo;information Axios, l&rsquo;\u00e9missaire sp\u00e9cial du<br \/>\nKremlin rencontrerait samedi l&rsquo;envoy\u00e9 sp\u00e9cial de Donald Trump,<br \/>\nSteve Witkoff, \u00e0 Miami.\n<\/p>\n<p>\n (version fran\u00e7aise Camille Raynaud)<\/p>\n","protected":false},"excerpt":{"rendered":"par Gleb Bryanski et Jasper Ward Kirill Dmitriev, envoy\u00e9 sp\u00e9cial de Vladimir Poutine pour l&rsquo;investissement et la coop\u00e9ration&hellip;\n","protected":false},"author":2,"featured_media":8765,"comment_status":"","ping_status":"","sticky":false,"template":"","format":"standard","meta":{"footnotes":""},"categories":[1591],"tags":[400,11,398,408,405,1887,403,402,399,404,12,1885,1886,132,401,406,407],"class_list":{"0":"post-488009","1":"post","2":"type-post","3":"status-publish","4":"format-standard","5":"has-post-thumbnail","7":"category-russie","8":"tag-action-cac-40","9":"tag-actualites","10":"tag-bourse-de-paris","11":"tag-boursorama","12":"tag-cotations","13":"tag-federation-de-russie","14":"tag-indices-devises","15":"tag-investir","16":"tag-investissement","17":"tag-marche-boursier","18":"tag-news","19":"tag-russia","20":"tag-russian-federation","21":"tag-russie","22":"tag-sicav","23":"tag-trackers","24":"tag-warrants"},"share_on_mastodon":{"url":"https:\/\/pubeurope.com\/@fr\/115432218015136566","error":""},"_links":{"self":[{"href":"https:\/\/www.europesays.com\/fr\/wp-json\/wp\/v2\/posts\/488009","targetHints":{"allow":["GET"]}}],"collection":[{"href":"https:\/\/www.europesays.com\/fr\/wp-json\/wp\/v2\/posts"}],"about":[{"href":"https:\/\/www.europesays.com\/fr\/wp-json\/wp\/v2\/types\/post"}],"author":[{"embeddable":true,"href":"https:\/\/www.europesays.com\/fr\/wp-json\/wp\/v2\/users\/2"}],"replies":[{"embeddable":true,"href":"https:\/\/www.europesays.com\/fr\/wp-json\/wp\/v2\/comments?post=488009"}],"version-history":[{"count":0,"href":"https:\/\/www.europesays.com\/fr\/wp-json\/wp\/v2\/posts\/488009\/revisions"}],"wp:featuredmedia":[{"embeddable":true,"href":"https:\/\/www.europesays.com\/fr\/wp-json\/wp\/v2\/media\/8765"}],"wp:attachment":[{"href":"https:\/\/www.europesays.com\/fr\/wp-json\/wp\/v2\/media?parent=488009"}],"wp:term":[{"taxonomy":"category","embeddable":true,"href":"https:\/\/www.europesays.com\/fr\/wp-json\/wp\/v2\/categories?post=488009"},{"taxonomy":"post_tag","embeddable":true,"href":"https:\/\/www.europesays.com\/fr\/wp-json\/wp\/v2\/tags?post=488009"}],"curies":[{"name":"wp","href":"https:\/\/api.w.org\/{rel}","templated":true}]}}