{"id":488030,"date":"2025-10-25T01:46:13","date_gmt":"2025-10-25T01:46:13","guid":{"rendered":"https:\/\/www.europesays.com\/fr\/488030\/"},"modified":"2025-10-25T01:46:13","modified_gmt":"2025-10-25T01:46:13","slug":"paul-hawrylak-change-de-club-actualite","status":"publish","type":"post","link":"https:\/\/www.europesays.com\/fr\/488030\/","title":{"rendered":"Paul Hawrylak change de club &#8211; Actualit\u00e9"},"content":{"rendered":"<p style=\"text-align: justify;\">Membre d&rsquo;Argenteuil Val de Seine Cyclisme cette saison, Paul Hawrylak va faire sa saison de Junior 2 dans un autre club, <strong><a href=\"https:\/\/www.directvelo.com\/actualite\/121397\/des-departs-dans-le-staff-d-argenteuil-val-de-seine-95\" target=\"_blank\" rel=\"noopener\">apr\u00e8s les bouleversements au sein de son ancienne \u00e9quipe<\/a><\/strong>. Et ce sera sous les couleurs&#8230; du Paris Cycliste Olympique,\u00a0<strong><a href=\"https:\/\/www.directvelo.com\/actualite\/121937\/le-paris-cycliste-olympique-arrete-sa-n1-pour-un-nouveau-projet\" target=\"_blank\" rel=\"noopener\">qui arr\u00eate sa N1<\/a><\/strong> pour se concentrer sur les moins de 19 ans.<\/p>\n<p><strong><a href=\"https:\/\/www.directvelo.com\/coureur\/53244\/paul-hawrylak\" target=\"_blank\" rel=\"noopener\">Paul Hawrylak<\/a><\/strong>, 17 ans, a remport\u00e9 Arguenon-Vall\u00e9e Verte cette saison. Il a \u00e9galement termin\u00e9 2e d&rsquo;une \u00e9tape des Boucles de l&rsquo;Oise, d&rsquo;une \u00e9tape de la Ronde des Vall\u00e9es, ou encore d&rsquo;une \u00e9tape de la Penn Ar Bed, avant de terminer 5e du g\u00e9n\u00e9ral.<\/p>\n<p>Le Junior 1 a \u00e9galement pris la 6e place d&rsquo;une \u00e9tape du Tour de l&rsquo;Abitibi, la 8e de la Bernaudeau, la 10e des Boucles de Seine-et-Marne-Souvenir Bernard-Maillet, la 13e de Kuurne-Bruxelles-Kuurne, ou encore la 17e du Championnat de France. Autant de r\u00e9sultats qui lui permettent de terminer la saison \u00e0 la 23e place du Challenge DirectVelo, la 6e des J1.<\/p>\n<p>Retrouvez toutes les mutations du peloton Junior <strong><a href=\"https:\/\/www.directvelo.com\/mutations\/2026#amateur-junior\" target=\"_blank\" rel=\"noopener\">en cliquant ici<\/a><\/strong>.<\/p>\n","protected":false},"excerpt":{"rendered":"Membre d&rsquo;Argenteuil Val de Seine Cyclisme cette saison, Paul Hawrylak va faire sa saison de Junior 2 dans&hellip;\n","protected":false},"author":2,"featured_media":488031,"comment_status":"","ping_status":"","sticky":false,"template":"","format":"standard","meta":{"footnotes":""},"categories":[1411],"tags":[834,828,836,829,837,827,83,826,824,823,1154,207,814,817,815,816,822,821,832,211,839,1011,27,820,818,819,835,831,830,833,838,60,212,208,825],"class_list":{"0":"post-488030","1":"post","2":"type-post","3":"status-publish","4":"format-standard","5":"has-post-thumbnail","7":"category-cyclisme","8":"tag-attaque","9":"tag-belgique","10":"tag-braquet","11":"tag-bretagne","12":"tag-chute","13":"tag-competition","14":"tag-coupe-de-france","15":"tag-coureur","16":"tag-course-cyclisme","17":"tag-course-cycliste","18":"tag-cycling","19":"tag-cyclisme","20":"tag-direct","21":"tag-direct-velo","22":"tag-directvelo","23":"tag-directvelo-com","24":"tag-epreuve","25":"tag-epreuve-cycliste","26":"tag-federation-francaise-de-cyclisme","27":"tag-ffc","28":"tag-flandres","29":"tag-fr","30":"tag-france","31":"tag-live","32":"tag-live-course","33":"tag-live-epreuve","34":"tag-peloton","35":"tag-radio-peloton","36":"tag-radio-tour","37":"tag-ravitaillement","38":"tag-relance","39":"tag-sports","40":"tag-uci","41":"tag-velo","42":"tag-velos"},"share_on_mastodon":{"url":"https:\/\/pubeurope.com\/@fr\/115432284755571164","error":""},"_links":{"self":[{"href":"https:\/\/www.europesays.com\/fr\/wp-json\/wp\/v2\/posts\/488030","targetHints":{"allow":["GET"]}}],"collection":[{"href":"https:\/\/www.europesays.com\/fr\/wp-json\/wp\/v2\/posts"}],"about":[{"href":"https:\/\/www.europesays.com\/fr\/wp-json\/wp\/v2\/types\/post"}],"author":[{"embeddable":true,"href":"https:\/\/www.europesays.com\/fr\/wp-json\/wp\/v2\/users\/2"}],"replies":[{"embeddable":true,"href":"https:\/\/www.europesays.com\/fr\/wp-json\/wp\/v2\/comments?post=488030"}],"version-history":[{"count":0,"href":"https:\/\/www.europesays.com\/fr\/wp-json\/wp\/v2\/posts\/488030\/revisions"}],"wp:featuredmedia":[{"embeddable":true,"href":"https:\/\/www.europesays.com\/fr\/wp-json\/wp\/v2\/media\/488031"}],"wp:attachment":[{"href":"https:\/\/www.europesays.com\/fr\/wp-json\/wp\/v2\/media?parent=488030"}],"wp:term":[{"taxonomy":"category","embeddable":true,"href":"https:\/\/www.europesays.com\/fr\/wp-json\/wp\/v2\/categories?post=488030"},{"taxonomy":"post_tag","embeddable":true,"href":"https:\/\/www.europesays.com\/fr\/wp-json\/wp\/v2\/tags?post=488030"}],"curies":[{"name":"wp","href":"https:\/\/api.w.org\/{rel}","templated":true}]}}