{"id":488036,"date":"2025-10-25T01:49:12","date_gmt":"2025-10-25T01:49:12","guid":{"rendered":"https:\/\/www.europesays.com\/fr\/488036\/"},"modified":"2025-10-25T01:49:12","modified_gmt":"2025-10-25T01:49:12","slug":"une-partie-des-autres-bijoux-du-musee-transferee-dans-le-coffre-geant-de-la-banque-de-france","status":"publish","type":"post","link":"https:\/\/www.europesays.com\/fr\/488036\/","title":{"rendered":"Une partie des autres bijoux du mus\u00e9e transf\u00e9r\u00e9e dans le coffre g\u00e9ant de la Banque de France"},"content":{"rendered":"<p>Cinq jours apr\u00e8s le spectaculaire vol perp\u00e9tr\u00e9 dans la galerie d\u2019Apollon, les autorit\u00e9s fran\u00e7aises ont d\u00e9cid\u00e9 de mettre les bijoux les plus pr\u00e9cieux du mus\u00e9e du <a href=\"https:\/\/www.20minutes.fr\/dossier\/louvre\" target=\"_blank\" class=\"c-link c-link--is-underlined\" rel=\"nofollow noopener\">Louvre<\/a> sous tr\u00e8s haute protection. Selon les informations de <a href=\"https:\/\/www.rtl.fr\/actu\/justice-faits-divers\/info-rtl-cambriolage-au-louvre-les-bijoux-de-la-galerie-d-apollon-transferes-a-la-banque-de-france-7900558219\" rel=\"nofollow noopener\" target=\"_blank\" class=\"c-link c-link--is-underlined\">RTL<\/a>, une partie des collections a \u00e9t\u00e9 discr\u00e8tement transf\u00e9r\u00e9e vendredi matin, sous escorte polici\u00e8re, dans les coffres de la <a href=\"https:\/\/www.20minutes.fr\/dossier\/banque_de_france\" target=\"_blank\" class=\"c-link c-link--is-underlined\" rel=\"nofollow noopener\">Banque de France<\/a>, situ\u00e9e \u00e0 seulement 300 m\u00e8tres du mus\u00e9e.<\/p>\n<p>Ce convoi exceptionnel, encadr\u00e9 par la Pr\u00e9fecture de police de Paris, vise \u00e0 \u00e9viter tout nouveau risque de <a href=\"https:\/\/www.20minutes.fr\/dossier\/cambriolage\" target=\"_blank\" class=\"c-link c-link--is-underlined\" rel=\"nofollow noopener\">cambriolage<\/a>, alors que les enqu\u00eateurs \u00e9valuent encore les failles du dispositif de s\u00e9curit\u00e9 du mus\u00e9e. D\u2019apr\u00e8s les sources cit\u00e9es par RTL, les pi\u00e8ces d\u00e9plac\u00e9es comprendraient notamment plusieurs <a href=\"https:\/\/www.20minutes.fr\/dossier\/bijoux\" target=\"_blank\" class=\"c-link c-link--is-underlined\" rel=\"nofollow noopener\">bijoux<\/a> de la Couronne expos\u00e9s dans la galerie d\u2019Apollon, ainsi que d\u2019autres tr\u00e9sors pr\u00e9sent\u00e9s ailleurs dans le mus\u00e9e. Le Louvre n\u2019a pas souhait\u00e9 commenter cette op\u00e9ration, tout comme la Banque de France.<\/p>\n<\/p>\n<p>Les bijoux enfouis \u00e0 pr\u00e8s de 30 m\u00e8tres sous terre<\/p>\n<p>Les collections ont \u00e9t\u00e9 entrepos\u00e9es dans la chambre forte principale de la Banque de France, un espace situ\u00e9 \u00e0 26 m\u00e8tres sous terre o\u00f9 sont conserv\u00e9es pr\u00e8s de 90\u00a0% des r\u00e9serves d\u2019or du pays. Le transfert, qualifi\u00e9 d\u2019exceptionnel par des sources proches du dossier, place les joyaux du Louvre aux c\u00f4t\u00e9s d\u2019autres tr\u00e9sors nationaux, comme les Carnets de L\u00e9onard de Vinci, \u00e9valu\u00e9s \u00e0 plus de 600\u00a0millions d\u2019euros.<\/p>\n<p><a href=\"https:\/\/www.20minutes.fr\/dossier\/cambriolage\" target=\"_blank\" class=\"c-link c-btn c-btn--primary\" rel=\"nofollow noopener\">Notre dossier sur les cambriolages<\/a><\/p>\n<p>L\u2019enqu\u00eate sur le cambriolage du 19\u00a0octobre, men\u00e9e conjointement par la Brigade de r\u00e9pression du banditisme (BRB) et l\u2019Office de lutte contre le trafic de biens culturels (OCBC), se poursuit. Les quatre membres du commando, qui avaient utilis\u00e9 un camion monte-charge pour acc\u00e9der aux fen\u00eatres du mus\u00e9e, restent introuvables. Plus de 150 traces et \u00e9chantillons d\u2019<a href=\"https:\/\/www.20minutes.fr\/dossier\/adn\" target=\"_blank\" class=\"c-link c-link--is-underlined\" rel=\"nofollow noopener\">ADN<\/a> ont \u00e9t\u00e9 pr\u00e9lev\u00e9s par la police scientifique, selon la procureure de Paris. Le butin, compos\u00e9 de huit joyaux historiques, est estim\u00e9 \u00e0 88\u00a0millions d\u2019euros.<\/p>\n","protected":false},"excerpt":{"rendered":"Cinq jours apr\u00e8s le spectaculaire vol perp\u00e9tr\u00e9 dans la galerie d\u2019Apollon, les autorit\u00e9s fran\u00e7aises ont d\u00e9cid\u00e9 de mettre&hellip;\n","protected":false},"author":2,"featured_media":488037,"comment_status":"","ping_status":"","sticky":false,"template":"","format":"standard","meta":{"footnotes":""},"categories":[1358],"tags":[47,846,1348,1384,1385,24240,1174,1386,58,1067,59,1011,27,11274,1072,656,104,10912],"class_list":{"0":"post-488036","1":"post","2":"type-post","3":"status-publish","4":"format-standard","5":"has-post-thumbnail","7":"category-arts-et-design","8":"tag-actualite","9":"tag-adn","10":"tag-arts","11":"tag-arts-and-design","12":"tag-arts-et-design","13":"tag-banque-de-france","14":"tag-cambriolage","15":"tag-design","16":"tag-divertissement","17":"tag-enquete","18":"tag-entertainment","19":"tag-fr","20":"tag-france","21":"tag-louvre","22":"tag-police","23":"tag-securite","24":"tag-societe","25":"tag-voleur"},"share_on_mastodon":{"url":"https:\/\/pubeurope.com\/@fr\/115432296453773246","error":""},"_links":{"self":[{"href":"https:\/\/www.europesays.com\/fr\/wp-json\/wp\/v2\/posts\/488036","targetHints":{"allow":["GET"]}}],"collection":[{"href":"https:\/\/www.europesays.com\/fr\/wp-json\/wp\/v2\/posts"}],"about":[{"href":"https:\/\/www.europesays.com\/fr\/wp-json\/wp\/v2\/types\/post"}],"author":[{"embeddable":true,"href":"https:\/\/www.europesays.com\/fr\/wp-json\/wp\/v2\/users\/2"}],"replies":[{"embeddable":true,"href":"https:\/\/www.europesays.com\/fr\/wp-json\/wp\/v2\/comments?post=488036"}],"version-history":[{"count":0,"href":"https:\/\/www.europesays.com\/fr\/wp-json\/wp\/v2\/posts\/488036\/revisions"}],"wp:featuredmedia":[{"embeddable":true,"href":"https:\/\/www.europesays.com\/fr\/wp-json\/wp\/v2\/media\/488037"}],"wp:attachment":[{"href":"https:\/\/www.europesays.com\/fr\/wp-json\/wp\/v2\/media?parent=488036"}],"wp:term":[{"taxonomy":"category","embeddable":true,"href":"https:\/\/www.europesays.com\/fr\/wp-json\/wp\/v2\/categories?post=488036"},{"taxonomy":"post_tag","embeddable":true,"href":"https:\/\/www.europesays.com\/fr\/wp-json\/wp\/v2\/tags?post=488036"}],"curies":[{"name":"wp","href":"https:\/\/api.w.org\/{rel}","templated":true}]}}