{"id":488040,"date":"2025-10-25T01:52:13","date_gmt":"2025-10-25T01:52:13","guid":{"rendered":"https:\/\/www.europesays.com\/fr\/488040\/"},"modified":"2025-10-25T01:52:13","modified_gmt":"2025-10-25T01:52:13","slug":"ou-se-situe-sa-belle-maison","status":"publish","type":"post","link":"https:\/\/www.europesays.com\/fr\/488040\/","title":{"rendered":"o\u00f9 se situe sa belle maison\u00a0?"},"content":{"rendered":"<p>\n                Sylvie Vartan, \u00e0 l&rsquo;instar de son d\u00e9funt mari Johnny Hallyday, partage sa vie depuis des d\u00e9cennies entre la France et les Etats-Unis. De l&rsquo;autre c\u00f4t\u00e9 de l&rsquo;Atlantique, elle poss\u00e8de une superbe villa avec piscine.            <\/p>\n<p>A 81 ans, <a href=\"https:\/\/www.journaldesfemmes.fr\/people\/personnalites\/2839689-sylvie-vartan-age-vie-privee-accidents\/\" title=\"Sylvie Vartan\" rel=\"nofollow noopener\" target=\"_blank\">Sylvie Vartan<\/a> a fait ses adieux \u00e0 la sc\u00e8ne lors d&rsquo;un tour de chant intitul\u00e9 Je tire ma r\u00e9v\u00e9rence. Et la star compte bien profiter pleinement de sa retraite dans sa maison de Los Angeles. L&rsquo;interpr\u00e8te des tubes L&rsquo;amour, c&rsquo;est comme une cigarette, La plus belle pour aller danser ou encore Comme un gar\u00e7on a choisi d&rsquo;y poser ses valises il y a des ann\u00e9es pour une raison pr\u00e9cise&#8230;<\/p>\n<p>O\u00f9 vit Sylvie Vartan \u00e0 Los Angeles ?\u00a0<\/p>\n<p>Sylvie Vartan habite une villa avec piscine situ\u00e9e au 706\u00a0Beverly Drive, \u00e0 Los Angeles, d\u00e9voilait le JDD il y a quelques ann\u00e9es \u00e0 l&rsquo;occasion d&rsquo;un reportage sur la star. Une chic adresse &#8211; une station de m\u00e9tro y est d&rsquo;ailleurs en construction &#8211; situ\u00e9e en plein Beverly Hills, non loin du Los Angeles Country Club.\u00a0\u00ab\u00a0Tous les grands shows que j&rsquo;ai mont\u00e9s pendant 30\u00a0ans, je les ai r\u00e9p\u00e9t\u00e9s l\u00e0-bas, avec des chor\u00e9graphes et des danseurs install\u00e9s l\u00e0-bas. J&rsquo;ai mes habitudes \u00e0 Los Angeles depuis longtemps, j&rsquo;ai lou\u00e9 beaucoup de maisons avant de me marier avec Tony Scotti\u00a0\u00bb, disait-elle\u00a0dans La D\u00e9p\u00eache.<\/p>\n<p>Comme son d\u00e9funt mari Johnny, la chanteuse a toujours aim\u00e9 sa vie sous le soleil de la Californie. \u00ab\u00a0Les Etats-Unis ont toujours \u00e9t\u00e9 b\u00e9n\u00e9fiques pour moi. Ils me permettent de prendre de la hauteur. Ici, je ne suis plus dans le vertige d&rsquo;une vie qui me pla\u00eet, bien s\u00fbr, puisque je l&rsquo;ai choisie, mais qui est un peu trop volcanique. J&rsquo;ai besoin du calme de cet endroit pour r\u00e9fl\u00e9chir\u00a0\u00bb, disait-elle \u00e9galement dans Gala.<\/p>\n<p>Mais Sylvie Vartan n&rsquo;a pas coup\u00e9 les ponts avec la France puisqu&rsquo;elle poss\u00e8de aussi une maison \u00e0\u00a0villa Montmorency, un quartier s\u00e9curis\u00e9 du 16e arrondissement de\u00a0Paris ; son fils <a href=\"https:\/\/www.journaldesfemmes.fr\/people\/david-hallyday\/\" title=\"David Hallyday\" rel=\"nofollow noopener\" target=\"_blank\">David Hallyday<\/a> poss\u00e8de la moiti\u00e9 de la maison car Johnny lui avait c\u00e9d\u00e9 apr\u00e8s son divorce avec Sylvie.<\/p>\n<p>Pourquoi Sylvie Vartan habite \u00e0 Los Angeles ?<\/p>\n<p>En 1977, David Hallyday a 11\u00a0ans et Sylvie Vartan d\u00e9cide de quitter la France \u00ab\u00a0en urgence\u00a0\u00bb. Johnny Hallyday l&rsquo;a tromp\u00e9e et un magazine s&rsquo;appr\u00eate \u00e0 tout d\u00e9voiler.\u00a0\u00ab\u00a0Moi, je dois fuir la France pour prot\u00e9ger mon fils,\u00a0notre intimit\u00e9 et notre paix\u00a0\u00bb,\u00a0explique alors l&rsquo;artiste dans son livre Maman,\u00a0paru en 2016.\u00a0<\/p>\n<p>Cette version est confirm\u00e9e plus tard par David dans les pages du magazine\u00a0Paris Match. \u00ab\u00a0Ma m\u00e8re voulait m&rsquo;\u00e9pargner l&rsquo;effervescence autour d&rsquo;elle, le prix de sa notori\u00e9t\u00e9. Elle souhaitait que je grandisse normalement. Aller \u00e0 l&rsquo;\u00e9cole, avoir des amis\u2026 Alors, cet \u00e9t\u00e9-l\u00e0, nous avons d\u00e9m\u00e9nag\u00e9 \u00e0 Los Angeles.\u00a0\u00bb<\/p>\n","protected":false},"excerpt":{"rendered":"Sylvie Vartan, \u00e0 l&rsquo;instar de son d\u00e9funt mari Johnny Hallyday, partage sa vie depuis des d\u00e9cennies entre la&hellip;\n","protected":false},"author":2,"featured_media":488041,"comment_status":"","ping_status":"","sticky":false,"template":"","format":"standard","meta":{"footnotes":""},"categories":[1355],"tags":[3723,61116,51761,58,59,51763,1011,27,51766,1361,873,51767,7409],"class_list":{"0":"post-488040","1":"post","2":"type-post","3":"status-publish","4":"format-standard","5":"has-post-thumbnail","7":"category-musique","8":"tag-actus","9":"tag-cms-journaldesfemmes-3245406","10":"tag-controller-content","11":"tag-divertissement","12":"tag-entertainment","13":"tag-format-papier","14":"tag-fr","15":"tag-france","16":"tag-les-histoires-du-jdf","17":"tag-music","18":"tag-musique","19":"tag-parallaxeinfeed","20":"tag-sylvie-vartan"},"share_on_mastodon":{"url":"https:\/\/pubeurope.com\/@fr\/115432308384580549","error":""},"_links":{"self":[{"href":"https:\/\/www.europesays.com\/fr\/wp-json\/wp\/v2\/posts\/488040","targetHints":{"allow":["GET"]}}],"collection":[{"href":"https:\/\/www.europesays.com\/fr\/wp-json\/wp\/v2\/posts"}],"about":[{"href":"https:\/\/www.europesays.com\/fr\/wp-json\/wp\/v2\/types\/post"}],"author":[{"embeddable":true,"href":"https:\/\/www.europesays.com\/fr\/wp-json\/wp\/v2\/users\/2"}],"replies":[{"embeddable":true,"href":"https:\/\/www.europesays.com\/fr\/wp-json\/wp\/v2\/comments?post=488040"}],"version-history":[{"count":0,"href":"https:\/\/www.europesays.com\/fr\/wp-json\/wp\/v2\/posts\/488040\/revisions"}],"wp:featuredmedia":[{"embeddable":true,"href":"https:\/\/www.europesays.com\/fr\/wp-json\/wp\/v2\/media\/488041"}],"wp:attachment":[{"href":"https:\/\/www.europesays.com\/fr\/wp-json\/wp\/v2\/media?parent=488040"}],"wp:term":[{"taxonomy":"category","embeddable":true,"href":"https:\/\/www.europesays.com\/fr\/wp-json\/wp\/v2\/categories?post=488040"},{"taxonomy":"post_tag","embeddable":true,"href":"https:\/\/www.europesays.com\/fr\/wp-json\/wp\/v2\/tags?post=488040"}],"curies":[{"name":"wp","href":"https:\/\/api.w.org\/{rel}","templated":true}]}}