{"id":48805,"date":"2025-04-24T09:20:08","date_gmt":"2025-04-24T09:20:08","guid":{"rendered":"https:\/\/www.europesays.com\/fr\/48805\/"},"modified":"2025-04-24T09:20:08","modified_gmt":"2025-04-24T09:20:08","slug":"de-nouveau-une-livree-speciale-pour-ferrari-a-miami","status":"publish","type":"post","link":"https:\/\/www.europesays.com\/fr\/48805\/","title":{"rendered":"De nouveau une livr\u00e9e sp\u00e9ciale pour Ferrari \u00e0 Miami\u00a0?"},"content":{"rendered":"<p><a href=\"https:\/\/www.autohebdo.fr\/actualites\/ecurie\/ferrari\" data-internallinksmanager029f6b8e52c=\"74\" title=\"Ferrari\" rel=\"nofollow noopener\" target=\"_blank\">Ferrari<\/a> s\u2019appr\u00eaterait-elle \u00e0 renouveler l\u2019exp\u00e9rience de l\u2019an dernier \u00e0 Miami en d\u00e9voilant <a href=\"https:\/\/www.autohebdo.fr\/actualites\/f1\/en-images-toutes-les-livrees-speciales-de-la-saison-2025.html\" target=\"_blank\" rel=\"noopener nofollow\">une livr\u00e9e sp\u00e9ciale pour ses monoplaces<\/a> ? C\u2019est ce que laisse supposer une vid\u00e9o publi\u00e9e par la Scuderia sur ses r\u00e9seaux sociaux, ce jeudi 24 avril. On y voit <a href=\"https:\/\/www.autohebdo.fr\/pilote\/f1\/lewis-hamilton-2\" data-internallinksmanager029f6b8e52c=\"41\" title=\"Lewis Hamilton\" rel=\"nofollow noopener\" target=\"_blank\">Lewis Hamilton<\/a> et <a href=\"https:\/\/www.autohebdo.fr\/pilote\/f1\/charles-leclerc\" data-internallinksmanager029f6b8e52c=\"5\" title=\"Charles Leclerc\" rel=\"nofollow noopener\" target=\"_blank\">Charles Leclerc<\/a> observer les plans d\u2019une SF-25 vierge de peinture. En conclusion de la publication, une date : le 30 avril 2025.<\/p>\n<blockquote class=\"instagram-media\" style=\"background: #FFF; border: 0; border-radius: 3px; box-shadow: 0 0 1px 0 rgba(0,0,0,0.5),0 1px 10px 0 rgba(0,0,0,0.15); margin: 1px; max-width: 540px; min-width: 326px; padding: 0; width: calc(100% - 2px);\" data-instgrm-captioned=\"\" data-instgrm-permalink=\"https:\/\/www.instagram.com\/reel\/DIzC4IIs0xp\/?utm_source=ig_embed&amp;utm_campaign=loading\" data-instgrm-version=\"14\">\n<\/blockquote>\n<p>Aucune annonce officielle pour l\u2019instant, mais la vid\u00e9o distille quelques indices. Notamment un bleu clair, visible \u00e0 plusieurs reprises, qui n\u2019est pas sans rappeler celui arbor\u00e9 par les SF-24 de Charles Leclerc et de son ancien co\u00e9quipier <a href=\"https:\/\/www.autohebdo.fr\/pilote\/f1\/carlos-sainz\" data-internallinksmanager029f6b8e52c=\"43\" title=\"Carlos Sainz\" rel=\"nofollow noopener\" target=\"_blank\">Carlos Sainz<\/a> au Grand Prix de Miami 2024. Un choix de couleur qui ferait sens, HP (Hewlett-Packard), est le sponsor principal de la Scuderia depuis\u2026 Miami 2024. La marque am\u00e9ricaine utilise justement cette teinte comme couleur embl\u00e9matique.<\/p>\n<p><strong>H<\/strong>ommage <strong>P<\/strong>articulier pour Ferrari<\/p>\n<p>L\u2019an pass\u00e9, Ferrari avait chang\u00e9 de livr\u00e9e \u00e0 l\u2019occasion de l\u2019\u00e9preuve floridienne pour c\u00e9l\u00e9brer les 70 ans de sa pr\u00e9sence en Am\u00e9rique du Nord. En 1964, \u00e0 la suite d\u2019un conflit avec la F\u00e9d\u00e9ration italienne du sport automobile, Enzo Ferrari avait fait engager ses monoplaces sous les couleurs du North American Racing Team. R\u00e9sultat : le rouge avait \u00e9t\u00e9 abandonn\u00e9 et les monoplaces \u00e9taient bleues et blanches, aux couleurs nationales am\u00e9ricaines de l\u2019\u00e9poque en sport auto.<\/p>\n<p>D\u00e8s le premier Grand Prix de 1965, le diff\u00e9rend s\u2019\u00e9tait apais\u00e9 et Ferrari retrouvait sa c\u00e9l\u00e8bre robe rouge. Cela n\u2019a pas emp\u00each\u00e9\u00a0ce clin d\u2019\u0153il historique en 2024. Une histoire id\u00e9ale pour HP, qui pourrait une fois de plus tirer parti de cet h\u00e9ritage pour mettre en valeur son bleu. Rendez-vous le 30 avril pour la r\u00e9ponse.<\/p>\n<p><strong>\u00c0 LIRE AUSSI &gt;\u00a0<a href=\"https:\/\/www.autohebdo.fr\/actualites\/f1\/vasseur-se-plaint-de-la-difference-de-traitement-entre-hamilton-et-verstappen.html\" rel=\"nofollow noopener\" target=\"_blank\">Vasseur se plaint de la diff\u00e9rence de traitement entre Hamilton et Verstappen<\/a><\/strong><\/p>\n<p>    <script async src=\"\/\/www.instagram.com\/embed.js\"><\/script><\/p>\n","protected":false},"excerpt":{"rendered":"Ferrari s\u2019appr\u00eaterait-elle \u00e0 renouveler l\u2019exp\u00e9rience de l\u2019an dernier \u00e0 Miami en d\u00e9voilant une livr\u00e9e sp\u00e9ciale pour ses monoplaces&hellip;\n","protected":false},"author":2,"featured_media":48806,"comment_status":"","ping_status":"","sticky":false,"template":"","format":"standard","meta":{"footnotes":""},"categories":[1412],"tags":[1451,2251,1452,1453,1454,1455,1011,27,14056,60],"class_list":{"0":"post-48805","1":"post","2":"type-post","3":"status-publish","4":"format-standard","5":"has-post-thumbnail","7":"category-f1","8":"tag-f1","9":"tag-ferrari","10":"tag-formula-1","11":"tag-formula1","12":"tag-formule-1","13":"tag-formule1","14":"tag-fr","15":"tag-france","16":"tag-miami","17":"tag-sports"},"share_on_mastodon":{"url":"https:\/\/pubeurope.com\/@fr\/114392204819512230","error":""},"_links":{"self":[{"href":"https:\/\/www.europesays.com\/fr\/wp-json\/wp\/v2\/posts\/48805","targetHints":{"allow":["GET"]}}],"collection":[{"href":"https:\/\/www.europesays.com\/fr\/wp-json\/wp\/v2\/posts"}],"about":[{"href":"https:\/\/www.europesays.com\/fr\/wp-json\/wp\/v2\/types\/post"}],"author":[{"embeddable":true,"href":"https:\/\/www.europesays.com\/fr\/wp-json\/wp\/v2\/users\/2"}],"replies":[{"embeddable":true,"href":"https:\/\/www.europesays.com\/fr\/wp-json\/wp\/v2\/comments?post=48805"}],"version-history":[{"count":0,"href":"https:\/\/www.europesays.com\/fr\/wp-json\/wp\/v2\/posts\/48805\/revisions"}],"wp:featuredmedia":[{"embeddable":true,"href":"https:\/\/www.europesays.com\/fr\/wp-json\/wp\/v2\/media\/48806"}],"wp:attachment":[{"href":"https:\/\/www.europesays.com\/fr\/wp-json\/wp\/v2\/media?parent=48805"}],"wp:term":[{"taxonomy":"category","embeddable":true,"href":"https:\/\/www.europesays.com\/fr\/wp-json\/wp\/v2\/categories?post=48805"},{"taxonomy":"post_tag","embeddable":true,"href":"https:\/\/www.europesays.com\/fr\/wp-json\/wp\/v2\/tags?post=48805"}],"curies":[{"name":"wp","href":"https:\/\/api.w.org\/{rel}","templated":true}]}}