{"id":488054,"date":"2025-10-25T01:59:12","date_gmt":"2025-10-25T01:59:12","guid":{"rendered":"https:\/\/www.europesays.com\/fr\/488054\/"},"modified":"2025-10-25T01:59:12","modified_gmt":"2025-10-25T01:59:12","slug":"les-etats-unis-imposent-des-sanctions-contre-le-president-colombien-gustavo-petro-qui-denonce-un-paradoxe-total","status":"publish","type":"post","link":"https:\/\/www.europesays.com\/fr\/488054\/","title":{"rendered":"Les \u00c9tats-Unis imposent des sanctions contre le pr\u00e9sident colombien Gustavo Petro, qui d\u00e9nonce un \u00abparadoxe total\u00bb"},"content":{"rendered":"<p>\n    Le d\u00e9partement am\u00e9ricain du Tr\u00e9sor accuse le pr\u00e9sident colombien de ne rien faire pour limiter la production de coca\u00efne dans le pays.<\/p>\n<p class=\"fig-paragraph\">Le d\u00e9partement am\u00e9ricain du Tr\u00e9sor a annonc\u00e9 vendredi, dans un communiqu\u00e9, imposer des sanctions visant le pr\u00e9sident colombien\u00a0<a href=\"http:\/\/www.lefigaro.fr\/international\/c-est-une-guerilla-de-l-interieur-en-colombie-la-guerre-du-cauca-met-a-mal-la-paix-du-president-gustavo-petro-20240716\" target=\"_blank\" data-fig-type=\"Article\" rel=\"noopener\" data-gtm-custom-categorie=\"navigation\" data-gtm-custom-action=\"crossclick\" data-gtm-custom-label=\"Contextuel\" data-gtm-event=\"customEventSPE\" data-fig-domain=\"LEFIGARO\">Gustavo Petro<\/a>, ainsi que son fils, sa femme et son ministre de l&rsquo;Int\u00e9rieur Armando Benedetti, les accusant de ne rien faire pour limiter la production de coca\u00efne dans le pays.<\/p>\n<p class=\"fig-paragraph\">\u00abDepuis l&rsquo;entr\u00e9e en fonction du pr\u00e9sident Gustavo Petro, la production de coca\u00efne dans le pays est remont\u00e9e aux niveaux record des derni\u00e8res d\u00e9cennies, se d\u00e9versant aux \u00c9tats-Unis pour empoisonner des Am\u00e9ricains\u00bb, a d\u00e9nonc\u00e9 le secr\u00e9taire am\u00e9ricain au Tr\u00e9sor, Scott Bessent, cit\u00e9 dans le communiqu\u00e9.<\/p>\n<p>                                    <a class=\"fig-a11y-skip a11y-hidden\" href=\"#fig-a11y-skip-main-inarticle\"><br \/>\n        Passer la publicit\u00e9<br \/>\n    <\/a><\/p>\n<p class=\"fig-paragraph\">Le pr\u00e9sident colombien a r\u00e9agi aux sanctions am\u00e9ricaines en d\u00e9non\u00e7ant sur X \u00abun paradoxe total\u00bb, affirmant que \u00abdes d\u00e9cennies de lutte contre le narcotrafic [lui] valent aujourd\u2019hui des sanctions\u00bb et que celles-ci proviennent \u00abd\u2019une soci\u00e9t\u00e9 que la Colombie a aid\u00e9e \u00e0 r\u00e9duire sa consommation de coca\u00efne\u00bb.<\/p>\n","protected":false},"excerpt":{"rendered":"Le d\u00e9partement am\u00e9ricain du Tr\u00e9sor accuse le pr\u00e9sident colombien de ne rien faire pour limiter la production de&hellip;\n","protected":false},"author":2,"featured_media":488055,"comment_status":"","ping_status":"","sticky":false,"template":"","format":"standard","meta":{"footnotes":""},"categories":[5],"tags":[11,3993,9395,1011,27,14,12,28],"class_list":{"0":"post-488054","1":"post","2":"type-post","3":"status-publish","4":"format-standard","5":"has-post-thumbnail","7":"category-international","8":"tag-actualites","9":"tag-cocaine","10":"tag-colombie","11":"tag-fr","12":"tag-france","13":"tag-international","14":"tag-news","15":"tag-world"},"share_on_mastodon":{"url":"https:\/\/pubeurope.com\/@fr\/115432335959761785","error":""},"_links":{"self":[{"href":"https:\/\/www.europesays.com\/fr\/wp-json\/wp\/v2\/posts\/488054","targetHints":{"allow":["GET"]}}],"collection":[{"href":"https:\/\/www.europesays.com\/fr\/wp-json\/wp\/v2\/posts"}],"about":[{"href":"https:\/\/www.europesays.com\/fr\/wp-json\/wp\/v2\/types\/post"}],"author":[{"embeddable":true,"href":"https:\/\/www.europesays.com\/fr\/wp-json\/wp\/v2\/users\/2"}],"replies":[{"embeddable":true,"href":"https:\/\/www.europesays.com\/fr\/wp-json\/wp\/v2\/comments?post=488054"}],"version-history":[{"count":0,"href":"https:\/\/www.europesays.com\/fr\/wp-json\/wp\/v2\/posts\/488054\/revisions"}],"wp:featuredmedia":[{"embeddable":true,"href":"https:\/\/www.europesays.com\/fr\/wp-json\/wp\/v2\/media\/488055"}],"wp:attachment":[{"href":"https:\/\/www.europesays.com\/fr\/wp-json\/wp\/v2\/media?parent=488054"}],"wp:term":[{"taxonomy":"category","embeddable":true,"href":"https:\/\/www.europesays.com\/fr\/wp-json\/wp\/v2\/categories?post=488054"},{"taxonomy":"post_tag","embeddable":true,"href":"https:\/\/www.europesays.com\/fr\/wp-json\/wp\/v2\/tags?post=488054"}],"curies":[{"name":"wp","href":"https:\/\/api.w.org\/{rel}","templated":true}]}}